{"id":11027,"date":"2017-01-11T21:54:36","date_gmt":"2017-01-12T00:54:36","guid":{"rendered":"http:\/\/www.rincondelbulla.cl\/portal\/?p=11027"},"modified":"2017-01-11T21:54:36","modified_gmt":"2017-01-12T00:54:36","slug":"chi-chi-chi-le-le-le-lorenzetti-de-chile","status":"publish","type":"post","link":"http:\/\/www.rincondelbulla.cl\/portal\/2017\/01\/11\/chi-chi-chi-le-le-le-lorenzetti-de-chile\/","title":{"rendered":"CHI CHI CHI LE LE LE, Lorenzetti de Chile"},"content":{"rendered":"<p><img loading=\"lazy\" decoding=\"async\" class=\"alignnone size-full wp-image-10838\" src=\"http:\/\/www.rincondelbulla.cl\/portal\/wp-content\/uploads\/2016\/11\/Gustavo-Lorenzetti-2.jpg\" alt=\"gustavo-lorenzetti-2\" width=\"640\" height=\"427\" srcset=\"http:\/\/www.rincondelbulla.cl\/portal\/wp-content\/uploads\/2016\/11\/Gustavo-Lorenzetti-2.jpg 640w, http:\/\/www.rincondelbulla.cl\/portal\/wp-content\/uploads\/2016\/11\/Gustavo-Lorenzetti-2-300x200.jpg 300w, http:\/\/www.rincondelbulla.cl\/portal\/wp-content\/uploads\/2016\/11\/Gustavo-Lorenzetti-2-630x420.jpg 630w\" sizes=\"auto, (max-width: 640px) 100vw, 640px\" \/><\/p>\n<p><strong>El peque\u00f1o volante desde ahora es un ciudadano m\u00e1s de esta angosta faja de tierra. Una buena noticia para Universidad de Chile.<\/strong><!--more--><\/p>\n<p><strong>\u201cEs un ciudadano chileno desde hoy\u201d. <\/strong>Con estas palabras el gerente general de Azul Azul, Pablo Silva, confirm\u00f3 que definitivamente Gustavo Lorenzetti consigui\u00f3 su nacionalizaci\u00f3n, convirti\u00e9ndose en un chileno m\u00e1s.<\/p>\n<p>Esta no es solo una buena noticia para el jugador, sino que tambi\u00e9n para Universidad de Chile, ya que contar\u00e1 desde ahora con un cupo m\u00e1s de extranjero. Consyultado sobre si esta opci\u00f3n ser\u00e1 tomada pensando en el Torneo Clausura 2016-2017, Silva asegur\u00f3 que el t\u00e9cnico Guillermo Hoyos debe ver qu\u00e9 es lo necesario, pero que <strong>\u201ca\u00fan no define al plantel en general y a\u00fan est\u00e1 viendo la forma en c\u00f3mo va a enfrentar los partidos<\/strong><strong>. Nos parece l\u00f3gico bajar un poco los niveles\u201d.<\/strong><\/p>\n<p>Con la nacionalizaci\u00f3n de Lorenzetti, los extranjeros en la \u201cU\u201d son Mat\u00edas Rodr\u00edguez, Fabi\u00e1n Monz\u00f3n, Gast\u00f3n Fernandez, Jonathan Zacar\u00eda y Leandro Benegas. Mientras que el juvenil boliviano Bruno Miranda contin\u00faa sin utilizar un cupo.<\/p>\n","protected":false},"excerpt":{"rendered":"<p>El peque\u00f1o volante desde ahora es un ciudadano m\u00e1s de esta angosta faja de tierra. Una buena noticia para Universidad de Chile.<\/p>\n","protected":false},"author":21382,"featured_media":10839,"comment_status":"closed","ping_status":"open","sticky":false,"template":"","format":"standard","meta":{"footnotes":""},"categories":[18],"tags":[454,999,174,669,555,782,1009,1006,78,987,319,65,714,1008,157,1005,294,156],"class_list":{"0":"post-11027","1":"post","2":"type-post","3":"status-publish","4":"format-standard","5":"has-post-thumbnail","7":"category-actualidad","8":"tag-actualidad","9":"tag-angel-guillermo-hoyos","10":"tag-azul-azul","11":"tag-bruno-miranda","12":"tag-fabian-monzon","13":"tag-gaston-fernandez","14":"tag-gerente-general","15":"tag-guillermo-hoyos","16":"tag-gustavo-lorenzetti","17":"tag-jonathan-zacaria","18":"tag-leandro-benegas","19":"tag-matias-rodriguez","20":"tag-nacionalizacion","21":"tag-pablo-silva","22":"tag-portada","23":"tag-torneo-clausura-2016-2017","24":"tag-u-de-chile","25":"tag-universidad-de-chile"},"_links":{"self":[{"href":"http:\/\/www.rincondelbulla.cl\/portal\/wp-json\/wp\/v2\/posts\/11027","targetHints":{"allow":["GET"]}}],"collection":[{"href":"http:\/\/www.rincondelbulla.cl\/portal\/wp-json\/wp\/v2\/posts"}],"about":[{"href":"http:\/\/www.rincondelbulla.cl\/portal\/wp-json\/wp\/v2\/types\/post"}],"author":[{"embeddable":true,"href":"http:\/\/www.rincondelbulla.cl\/portal\/wp-json\/wp\/v2\/users\/21382"}],"replies":[{"embeddable":true,"href":"http:\/\/www.rincondelbulla.cl\/portal\/wp-json\/wp\/v2\/comments?post=11027"}],"version-history":[{"count":1,"href":"http:\/\/www.rincondelbulla.cl\/portal\/wp-json\/wp\/v2\/posts\/11027\/revisions"}],"predecessor-version":[{"id":11028,"href":"http:\/\/www.rincondelbulla.cl\/portal\/wp-json\/wp\/v2\/posts\/11027\/revisions\/11028"}],"wp:featuredmedia":[{"embeddable":true,"href":"http:\/\/www.rincondelbulla.cl\/portal\/wp-json\/wp\/v2\/media\/10839"}],"wp:attachment":[{"href":"http:\/\/www.rincondelbulla.cl\/portal\/wp-json\/wp\/v2\/media?parent=11027"}],"wp:term":[{"taxonomy":"category","embeddable":true,"href":"http:\/\/www.rincondelbulla.cl\/portal\/wp-json\/wp\/v2\/categories?post=11027"},{"taxonomy":"post_tag","embeddable":true,"href":"http:\/\/www.rincondelbulla.cl\/portal\/wp-json\/wp\/v2\/tags?post=11027"}],"curies":[{"name":"wp","href":"https:\/\/api.w.org\/{rel}","templated":true}]}}