{"id":11042,"date":"2017-01-23T14:02:37","date_gmt":"2017-01-23T17:02:37","guid":{"rendered":"http:\/\/www.rincondelbulla.cl\/portal\/?p=11042"},"modified":"2017-01-23T14:02:37","modified_gmt":"2017-01-23T17:02:37","slug":"chilenita-vuelve-al-club","status":"publish","type":"post","link":"http:\/\/www.rincondelbulla.cl\/portal\/2017\/01\/23\/chilenita-vuelve-al-club\/","title":{"rendered":"\u201cChilenita\u201d vuelve al club"},"content":{"rendered":"<figure id=\"attachment_11043\" aria-describedby=\"caption-attachment-11043\" style=\"width: 701px\" class=\"wp-caption alignnone\"><img loading=\"lazy\" decoding=\"async\" class=\" wp-image-11043\" src=\"http:\/\/www.rincondelbulla.cl\/portal\/wp-content\/uploads\/2017\/01\/Ronald-Fuentes-1.jpg\" alt=\"El ex defensa azul ya hab\u00eda cumplido labores como parte del cuerpo t\u00e9cnico de Gustavo Huerta en 2006.\" width=\"701\" height=\"501\" srcset=\"http:\/\/www.rincondelbulla.cl\/portal\/wp-content\/uploads\/2017\/01\/Ronald-Fuentes-1.jpg 400w, http:\/\/www.rincondelbulla.cl\/portal\/wp-content\/uploads\/2017\/01\/Ronald-Fuentes-1-300x215.jpg 300w, http:\/\/www.rincondelbulla.cl\/portal\/wp-content\/uploads\/2017\/01\/Ronald-Fuentes-1-100x70.jpg 100w\" sizes=\"auto, (max-width: 701px) 100vw, 701px\" \/><figcaption id=\"caption-attachment-11043\" class=\"wp-caption-text\">El ex defensa azul ya hab\u00eda cumplido labores como parte del cuerpo t\u00e9cnico de Gustavo Huerta en 2006.<\/figcaption><\/figure>\n<p style=\"text-align: justify;line-height: 16.45pt;background: white;margin: 0cm 5.25pt 15.0pt 0cm\"><strong><span style=\"font-family: 'Arial',sans-serif;color: #333333\">La noticia se dio a conocer durante el transcurso de este lunes. \u201cEs una experiencia nueva para m\u00ed\u201d, expres\u00f3.<\/span><\/strong><!--more--><\/p>\n<p>La informaci\u00f3n fue entregada por el CDF, asegurando que Fuentes llega a la instituci\u00f3n con un proyecto a cuatro a\u00f1os, cuyos objetivos son el desarrollo de nuevos jugadores y la obtenci\u00f3n de t\u00edtulos.<\/p>\n<p>En conversaci\u00f3n con el canal de televisi\u00f3n, el ex defensa azul asegur\u00f3 este desaf\u00edo <strong>\u00abe<strong>s algo nuevo. Si bien no tengo tanto manejo de escritorio, conozco los jugadores.<\/strong><\/strong>\u00a0<strong>Quiero empoderarme de una vez del puestos y tratar de hacer lo mejor para la U. En alg\u00fan momento fui opci\u00f3n para la banca y ellos sent\u00edan que pod\u00eda estar en otra \u00e1rea\u00bb<\/strong>.<\/p>\n<p>En sus primera declaraciones, Fuentes reconoci\u00f3 la posibilidad poder contar con David Pizarro en el presente campeonato. \u00ab<strong>Est\u00e1 trabajando bien David. Hay que ver si a Guillermo (Hoyos) le gusta y ver las condiciones econ\u00f3micas<\/strong>. <strong>Es un jugador interesante a pesar de su edad y hay que ver c\u00f3mo est\u00e1, recordando que estuvo seis meses sin jugar. Pero hay tiempo&#8230; Si est\u00e1 entrenando ah\u00ed es porque en alg\u00fan momento puede llegar a ser jugador del club\u00bb, <\/strong>asegur\u00f3 el nuevo gerente t\u00e9cnico azul.<\/p>\n<p>El v\u00ednculo contractual entre Ronald Fuentes y Azul Azul ser\u00eda de car\u00e1cter indefinido.<\/p>\n","protected":false},"excerpt":{"rendered":"<p>La noticia se dio a conocer durante el transcurso de este lunes. \u201cEs una experiencia nueva para m\u00ed\u201d, expres\u00f3.<\/p>\n","protected":false},"author":21382,"featured_media":11044,"comment_status":"closed","ping_status":"open","sticky":false,"template":"","format":"standard","meta":{"footnotes":""},"categories":[18],"tags":[454,174,520,111,1013,1006,157,480,294,156],"class_list":{"0":"post-11042","1":"post","2":"type-post","3":"status-publish","4":"format-standard","5":"has-post-thumbnail","7":"category-actualidad","8":"tag-actualidad","9":"tag-azul-azul","10":"tag-cdf","11":"tag-david-pizarro","12":"tag-gerente-tecnico","13":"tag-guillermo-hoyos","14":"tag-portada","15":"tag-ronald-fuentes","16":"tag-u-de-chile","17":"tag-universidad-de-chile"},"_links":{"self":[{"href":"http:\/\/www.rincondelbulla.cl\/portal\/wp-json\/wp\/v2\/posts\/11042","targetHints":{"allow":["GET"]}}],"collection":[{"href":"http:\/\/www.rincondelbulla.cl\/portal\/wp-json\/wp\/v2\/posts"}],"about":[{"href":"http:\/\/www.rincondelbulla.cl\/portal\/wp-json\/wp\/v2\/types\/post"}],"author":[{"embeddable":true,"href":"http:\/\/www.rincondelbulla.cl\/portal\/wp-json\/wp\/v2\/users\/21382"}],"replies":[{"embeddable":true,"href":"http:\/\/www.rincondelbulla.cl\/portal\/wp-json\/wp\/v2\/comments?post=11042"}],"version-history":[{"count":1,"href":"http:\/\/www.rincondelbulla.cl\/portal\/wp-json\/wp\/v2\/posts\/11042\/revisions"}],"predecessor-version":[{"id":11045,"href":"http:\/\/www.rincondelbulla.cl\/portal\/wp-json\/wp\/v2\/posts\/11042\/revisions\/11045"}],"wp:featuredmedia":[{"embeddable":true,"href":"http:\/\/www.rincondelbulla.cl\/portal\/wp-json\/wp\/v2\/media\/11044"}],"wp:attachment":[{"href":"http:\/\/www.rincondelbulla.cl\/portal\/wp-json\/wp\/v2\/media?parent=11042"}],"wp:term":[{"taxonomy":"category","embeddable":true,"href":"http:\/\/www.rincondelbulla.cl\/portal\/wp-json\/wp\/v2\/categories?post=11042"},{"taxonomy":"post_tag","embeddable":true,"href":"http:\/\/www.rincondelbulla.cl\/portal\/wp-json\/wp\/v2\/tags?post=11042"}],"curies":[{"name":"wp","href":"https:\/\/api.w.org\/{rel}","templated":true}]}}