{"id":11047,"date":"2017-01-23T20:23:29","date_gmt":"2017-01-23T23:23:29","guid":{"rendered":"http:\/\/www.rincondelbulla.cl\/portal\/?p=11047"},"modified":"2017-01-23T20:23:29","modified_gmt":"2017-01-23T23:23:29","slug":"sabino-iii-el-regreso-de-un-conocido","status":"publish","type":"post","link":"http:\/\/www.rincondelbulla.cl\/portal\/2017\/01\/23\/sabino-iii-el-regreso-de-un-conocido\/","title":{"rendered":"Sabino III, el regreso de un conocido"},"content":{"rendered":"<p><img loading=\"lazy\" decoding=\"async\" class=\"alignnone size-full wp-image-11048\" src=\"http:\/\/www.rincondelbulla.cl\/portal\/wp-content\/uploads\/2017\/01\/sabino.jpg\" alt=\"sabino\" width=\"1200\" height=\"675\" srcset=\"http:\/\/www.rincondelbulla.cl\/portal\/wp-content\/uploads\/2017\/01\/sabino.jpg 1200w, http:\/\/www.rincondelbulla.cl\/portal\/wp-content\/uploads\/2017\/01\/sabino-300x169.jpg 300w, http:\/\/www.rincondelbulla.cl\/portal\/wp-content\/uploads\/2017\/01\/sabino-768x432.jpg 768w, http:\/\/www.rincondelbulla.cl\/portal\/wp-content\/uploads\/2017\/01\/sabino-696x392.jpg 696w, http:\/\/www.rincondelbulla.cl\/portal\/wp-content\/uploads\/2017\/01\/sabino-1068x601.jpg 1068w, http:\/\/www.rincondelbulla.cl\/portal\/wp-content\/uploads\/2017\/01\/sabino-747x420.jpg 747w\" sizes=\"auto, (max-width: 1200px) 100vw, 1200px\" \/><\/p>\n<p><strong>12 meses y un par de d\u00edas estuvo fuera del club Sabino Aguad, el d\u00eda de hoy Azul Azul aprob\u00f3 su regreso a la tienda azul.<\/strong><!--more--><\/p>\n<p>Esta vez lo har\u00e1 como presidente de la comisi\u00f3n f\u00fatbol, las dos veces anteriores se desenvolvi\u00f3 como Gerente Deportivo y Gerente General, bajo las eras de Vald\u00e9s y Heller respectivamente.<\/p>\n<p>Aguad quien hab\u00eda sido cesado de su cargo el 2016 al llegar Beccacece a asumir como DT, vuelve por tercera vez a la concesionaria.<\/p>\n","protected":false},"excerpt":{"rendered":"<p>12 meses y un par de d\u00edas estuvo fuera del club Sabino Aguad, el d\u00eda de hoy Azul Azul aprob\u00f3 su regreso a la tienda azul.<\/p>\n","protected":false},"author":21381,"featured_media":11048,"comment_status":"closed","ping_status":"open","sticky":false,"template":"","format":"standard","meta":{"footnotes":""},"categories":[18],"tags":[174,1014],"class_list":{"0":"post-11047","1":"post","2":"type-post","3":"status-publish","4":"format-standard","5":"has-post-thumbnail","7":"category-actualidad","8":"tag-azul-azul","9":"tag-sabino-aguad"},"_links":{"self":[{"href":"http:\/\/www.rincondelbulla.cl\/portal\/wp-json\/wp\/v2\/posts\/11047","targetHints":{"allow":["GET"]}}],"collection":[{"href":"http:\/\/www.rincondelbulla.cl\/portal\/wp-json\/wp\/v2\/posts"}],"about":[{"href":"http:\/\/www.rincondelbulla.cl\/portal\/wp-json\/wp\/v2\/types\/post"}],"author":[{"embeddable":true,"href":"http:\/\/www.rincondelbulla.cl\/portal\/wp-json\/wp\/v2\/users\/21381"}],"replies":[{"embeddable":true,"href":"http:\/\/www.rincondelbulla.cl\/portal\/wp-json\/wp\/v2\/comments?post=11047"}],"version-history":[{"count":1,"href":"http:\/\/www.rincondelbulla.cl\/portal\/wp-json\/wp\/v2\/posts\/11047\/revisions"}],"predecessor-version":[{"id":11049,"href":"http:\/\/www.rincondelbulla.cl\/portal\/wp-json\/wp\/v2\/posts\/11047\/revisions\/11049"}],"wp:featuredmedia":[{"embeddable":true,"href":"http:\/\/www.rincondelbulla.cl\/portal\/wp-json\/wp\/v2\/media\/11048"}],"wp:attachment":[{"href":"http:\/\/www.rincondelbulla.cl\/portal\/wp-json\/wp\/v2\/media?parent=11047"}],"wp:term":[{"taxonomy":"category","embeddable":true,"href":"http:\/\/www.rincondelbulla.cl\/portal\/wp-json\/wp\/v2\/categories?post=11047"},{"taxonomy":"post_tag","embeddable":true,"href":"http:\/\/www.rincondelbulla.cl\/portal\/wp-json\/wp\/v2\/tags?post=11047"}],"curies":[{"name":"wp","href":"https:\/\/api.w.org\/{rel}","templated":true}]}}