{"id":11050,"date":"2017-01-23T22:19:14","date_gmt":"2017-01-24T01:19:14","guid":{"rendered":"http:\/\/www.rincondelbulla.cl\/portal\/?p=11050"},"modified":"2017-01-23T22:24:44","modified_gmt":"2017-01-24T01:24:44","slug":"el-nuevo-refuerzo-azul-ya-esta-en-chile","status":"publish","type":"post","link":"http:\/\/www.rincondelbulla.cl\/portal\/2017\/01\/23\/el-nuevo-refuerzo-azul-ya-esta-en-chile\/","title":{"rendered":"El nuevo refuerzo azul ya est\u00e1 en Chile"},"content":{"rendered":"<figure id=\"attachment_11053\" aria-describedby=\"caption-attachment-11053\" style=\"width: 1288px\" class=\"wp-caption aligncenter\"><img loading=\"lazy\" decoding=\"async\" class=\"size-full wp-image-11053\" src=\"http:\/\/www.rincondelbulla.cl\/portal\/wp-content\/uploads\/2017\/01\/image.jpg\" alt=\"Series menores en el Real Madrid y pasos por el Galatasaray y la MLS destacan en el curriculum del argentino\" width=\"1288\" height=\"723\" srcset=\"http:\/\/www.rincondelbulla.cl\/portal\/wp-content\/uploads\/2017\/01\/image.jpg 1288w, http:\/\/www.rincondelbulla.cl\/portal\/wp-content\/uploads\/2017\/01\/image-300x168.jpg 300w, http:\/\/www.rincondelbulla.cl\/portal\/wp-content\/uploads\/2017\/01\/image-768x431.jpg 768w, http:\/\/www.rincondelbulla.cl\/portal\/wp-content\/uploads\/2017\/01\/image-1200x674.jpg 1200w, http:\/\/www.rincondelbulla.cl\/portal\/wp-content\/uploads\/2017\/01\/image-696x391.jpg 696w, http:\/\/www.rincondelbulla.cl\/portal\/wp-content\/uploads\/2017\/01\/image-1068x600.jpg 1068w, http:\/\/www.rincondelbulla.cl\/portal\/wp-content\/uploads\/2017\/01\/image-748x420.jpg 748w\" sizes=\"auto, (max-width: 1288px) 100vw, 1288px\" \/><figcaption id=\"caption-attachment-11053\" class=\"wp-caption-text\">Series menores en el Real Madrid y pasos por el Galatasaray y la MLS destacan en el curriculum del argentino<\/figcaption><\/figure>\n<p><strong>Hoy pis\u00f3 suelo nacional el nuevo refuerzo de Universidad de Chile, Lucas Ontivero. El jugador de 22 a\u00f1os llega a potenciar el mediocampo de Guillermo Hoyos.<\/strong><\/p>\n<p><!--more--><\/p>\n<p><strong>\u00abContento de llegar al m\u00e1s grande de Chile\u00bb<\/strong>, fueron las primeras declaraciones de Ontivero en su arribo a Santiago. El ex Montreal Impact adem\u00e1s coment\u00f3 en qu\u00e9 puestos se desempe\u00f1a mejor: <strong>\u00abMe gusta jugar como puntero por derecha, encarar mucho. Pero todav\u00eda no hablo con t\u00e9cnico de qu\u00e9 voy a jugar\u00bb.<\/strong><\/p>\n<p>El trasandino se\u00f1al\u00f3 a La Tercera que su anhelo es consolidarse en la U: <strong>\u00abA la U la conozco desde hace mucho, porque ha estado en el plano internacional, es un club grande\u00bb.<\/strong><\/p>\n<p>El ex compa\u00f1ero de Didier Drogba se sumar\u00e1 a las pr\u00e1cticas y ser\u00e1 presentado oficialmente durante esta semana.<\/p>\n","protected":false},"excerpt":{"rendered":"<p>Hoy pis\u00f3 suelo nacional el nuevo refuerzo de Universidad de Chile, Lucas Ontivero. El jugador de 22 a\u00f1os llega a potenciar el mediocampo de Guillermo Hoyos.<\/p>\n","protected":false},"author":21383,"featured_media":11052,"comment_status":"closed","ping_status":"open","sticky":false,"template":"","format":"standard","meta":{"footnotes":""},"categories":[18],"tags":[1015,157,777],"class_list":{"0":"post-11050","1":"post","2":"type-post","3":"status-publish","4":"format-standard","5":"has-post-thumbnail","7":"category-actualidad","8":"tag-ontivero","9":"tag-portada","10":"tag-refuerzo"},"_links":{"self":[{"href":"http:\/\/www.rincondelbulla.cl\/portal\/wp-json\/wp\/v2\/posts\/11050","targetHints":{"allow":["GET"]}}],"collection":[{"href":"http:\/\/www.rincondelbulla.cl\/portal\/wp-json\/wp\/v2\/posts"}],"about":[{"href":"http:\/\/www.rincondelbulla.cl\/portal\/wp-json\/wp\/v2\/types\/post"}],"author":[{"embeddable":true,"href":"http:\/\/www.rincondelbulla.cl\/portal\/wp-json\/wp\/v2\/users\/21383"}],"replies":[{"embeddable":true,"href":"http:\/\/www.rincondelbulla.cl\/portal\/wp-json\/wp\/v2\/comments?post=11050"}],"version-history":[{"count":3,"href":"http:\/\/www.rincondelbulla.cl\/portal\/wp-json\/wp\/v2\/posts\/11050\/revisions"}],"predecessor-version":[{"id":11057,"href":"http:\/\/www.rincondelbulla.cl\/portal\/wp-json\/wp\/v2\/posts\/11050\/revisions\/11057"}],"wp:featuredmedia":[{"embeddable":true,"href":"http:\/\/www.rincondelbulla.cl\/portal\/wp-json\/wp\/v2\/media\/11052"}],"wp:attachment":[{"href":"http:\/\/www.rincondelbulla.cl\/portal\/wp-json\/wp\/v2\/media?parent=11050"}],"wp:term":[{"taxonomy":"category","embeddable":true,"href":"http:\/\/www.rincondelbulla.cl\/portal\/wp-json\/wp\/v2\/categories?post=11050"},{"taxonomy":"post_tag","embeddable":true,"href":"http:\/\/www.rincondelbulla.cl\/portal\/wp-json\/wp\/v2\/tags?post=11050"}],"curies":[{"name":"wp","href":"https:\/\/api.w.org\/{rel}","templated":true}]}}