{"id":11065,"date":"2017-01-27T00:45:51","date_gmt":"2017-01-27T03:45:51","guid":{"rendered":"http:\/\/www.rincondelbulla.cl\/portal\/?p=11065"},"modified":"2017-01-27T01:40:06","modified_gmt":"2017-01-27T04:40:06","slug":"como-ayudar-a-las-zonas-afectadas","status":"publish","type":"post","link":"http:\/\/www.rincondelbulla.cl\/portal\/2017\/01\/27\/como-ayudar-a-las-zonas-afectadas\/","title":{"rendered":"C\u00f3mo ayudar a las zonas afectadas"},"content":{"rendered":"<p><strong>Tras los terribles incendios forestales que azotan a la zona sur del pa\u00eds, el club, hinchas y un ex jugador se han puesto en campa\u00f1a para acudir en ayuda de los afectados.<\/strong><!--more--><\/p>\n<ul style=\"list-style-type: circle;\">\n<li><strong>Centro Deportivo Azul<\/strong><\/li>\n<\/ul>\n<p><img loading=\"lazy\" decoding=\"async\" class=\" wp-image-11066 alignleft\" src=\"http:\/\/www.rincondelbulla.cl\/portal\/wp-content\/uploads\/2017\/01\/club.png\" alt=\"club\" width=\"340\" height=\"193\" srcset=\"http:\/\/www.rincondelbulla.cl\/portal\/wp-content\/uploads\/2017\/01\/club.png 544w, http:\/\/www.rincondelbulla.cl\/portal\/wp-content\/uploads\/2017\/01\/club-300x170.png 300w\" sizes=\"auto, (max-width: 340px) 100vw, 340px\" \/>Hoy viernes ser\u00e1 la \u00faltima oportunidad de llevar alimentos no perecibles, agua, colchonetas y frazadas para la localidad de Constituci\u00f3n entre las 10 am y 22 pm. Gonzalo Espinoza y Sebasti\u00e1n Ubilla estar\u00e1n recibiendo las donaciones de los hinchas.<\/p>\n<p>&nbsp;<\/p>\n<ul style=\"list-style-type: circle;\">\n<li><strong>Los de Abajo<\/strong><\/li>\n<\/ul>\n<p><img loading=\"lazy\" decoding=\"async\" class=\" wp-image-11067 alignright\" src=\"http:\/\/www.rincondelbulla.cl\/portal\/wp-content\/uploads\/2017\/01\/LDA.jpg\" alt=\"LDA\" width=\"334\" height=\"198\" srcset=\"http:\/\/www.rincondelbulla.cl\/portal\/wp-content\/uploads\/2017\/01\/LDA.jpg 960w, http:\/\/www.rincondelbulla.cl\/portal\/wp-content\/uploads\/2017\/01\/LDA-300x178.jpg 300w, http:\/\/www.rincondelbulla.cl\/portal\/wp-content\/uploads\/2017\/01\/LDA-768x456.jpg 768w, http:\/\/www.rincondelbulla.cl\/portal\/wp-content\/uploads\/2017\/01\/LDA-696x413.jpg 696w, http:\/\/www.rincondelbulla.cl\/portal\/wp-content\/uploads\/2017\/01\/LDA-707x420.jpg 707w\" sizes=\"auto, (max-width: 334px) 100vw, 334px\" \/>La hinchada azul estar\u00e1 recibiendo todo tipo de donaciones hasta este s\u00e1bado en Pe\u00f1aflor, Concepci\u00f3n y la Fech.<\/p>\n<p><strong>PE\u00d1AFLOR<\/strong> . SEDE LAS LOMAS CALLE 14 DE JULIO CON CERRO MARIPOSA<br \/>\n<strong>CONCEPCION<\/strong> : VEGA MONUMENTAL LOCAL \u00bb FINA ELECCION\u00bb PUESTO 44<br \/>\n<strong>FECH<\/strong> CENTRO DE ESTUDIANTES DE LA U DE CHILE METRO BAQUEDANO CALLE JOSE CARRASCO TAPIA # 9<\/p>\n<ul style=\"list-style-type: circle;\">\n<li><strong>Marco Olea<\/strong><\/li>\n<\/ul>\n<p>Para quienes no puedan llevar una donaci\u00f3n fisicamente, el \u00abCaballero del gol\u00bb esta difundiendo una campa\u00f1a de\u00a0donaciones monetarias. Cualquier consulta puedes realizarsela en su Twitter personal <a href=\"https:\/\/twitter.com\/11oleamarco\">@11oleamarco<\/a>, los datos los encuentras a continuaci\u00f3n:<\/p>\n<p><img loading=\"lazy\" decoding=\"async\" class=\"size-full wp-image-11075 aligncenter\" src=\"http:\/\/www.rincondelbulla.cl\/portal\/wp-content\/uploads\/2017\/01\/Marco-Olea.jpeg\" alt=\"Marco Olea\" width=\"1272\" height=\"1280\" srcset=\"http:\/\/www.rincondelbulla.cl\/portal\/wp-content\/uploads\/2017\/01\/Marco-Olea.jpeg 1272w, http:\/\/www.rincondelbulla.cl\/portal\/wp-content\/uploads\/2017\/01\/Marco-Olea-150x150.jpeg 150w, http:\/\/www.rincondelbulla.cl\/portal\/wp-content\/uploads\/2017\/01\/Marco-Olea-298x300.jpeg 298w, http:\/\/www.rincondelbulla.cl\/portal\/wp-content\/uploads\/2017\/01\/Marco-Olea-768x773.jpeg 768w, http:\/\/www.rincondelbulla.cl\/portal\/wp-content\/uploads\/2017\/01\/Marco-Olea-1193x1200.jpeg 1193w, http:\/\/www.rincondelbulla.cl\/portal\/wp-content\/uploads\/2017\/01\/Marco-Olea-696x700.jpeg 696w, http:\/\/www.rincondelbulla.cl\/portal\/wp-content\/uploads\/2017\/01\/Marco-Olea-1068x1075.jpeg 1068w, http:\/\/www.rincondelbulla.cl\/portal\/wp-content\/uploads\/2017\/01\/Marco-Olea-417x420.jpeg 417w\" sizes=\"auto, (max-width: 1272px) 100vw, 1272px\" \/><\/p>\n<h1 style=\"text-align: center;\"><\/h1>\n<p>&nbsp;<\/p>\n","protected":false},"excerpt":{"rendered":"<p>Tras los terribles incendios forestales que azotan a la zona sur del pa\u00eds, el club, hinchas y un ex jugador se han puesto en campa\u00f1a para acudir en ayuda de los afectados.<\/p>\n","protected":false},"author":65,"featured_media":11073,"comment_status":"closed","ping_status":"open","sticky":false,"template":"","format":"standard","meta":{"footnotes":""},"categories":[18],"tags":[1026,261,1022,102,771],"class_list":{"0":"post-11065","1":"post","2":"type-post","3":"status-publish","4":"format-standard","5":"has-post-thumbnail","7":"category-actualidad","8":"tag-ayuda","9":"tag-gonzalo-espinoza","10":"tag-incendios-forestales","11":"tag-los-de-abajo","12":"tag-marco-olea"},"_links":{"self":[{"href":"http:\/\/www.rincondelbulla.cl\/portal\/wp-json\/wp\/v2\/posts\/11065","targetHints":{"allow":["GET"]}}],"collection":[{"href":"http:\/\/www.rincondelbulla.cl\/portal\/wp-json\/wp\/v2\/posts"}],"about":[{"href":"http:\/\/www.rincondelbulla.cl\/portal\/wp-json\/wp\/v2\/types\/post"}],"author":[{"embeddable":true,"href":"http:\/\/www.rincondelbulla.cl\/portal\/wp-json\/wp\/v2\/users\/65"}],"replies":[{"embeddable":true,"href":"http:\/\/www.rincondelbulla.cl\/portal\/wp-json\/wp\/v2\/comments?post=11065"}],"version-history":[{"count":6,"href":"http:\/\/www.rincondelbulla.cl\/portal\/wp-json\/wp\/v2\/posts\/11065\/revisions"}],"predecessor-version":[{"id":11076,"href":"http:\/\/www.rincondelbulla.cl\/portal\/wp-json\/wp\/v2\/posts\/11065\/revisions\/11076"}],"wp:featuredmedia":[{"embeddable":true,"href":"http:\/\/www.rincondelbulla.cl\/portal\/wp-json\/wp\/v2\/media\/11073"}],"wp:attachment":[{"href":"http:\/\/www.rincondelbulla.cl\/portal\/wp-json\/wp\/v2\/media?parent=11065"}],"wp:term":[{"taxonomy":"category","embeddable":true,"href":"http:\/\/www.rincondelbulla.cl\/portal\/wp-json\/wp\/v2\/categories?post=11065"},{"taxonomy":"post_tag","embeddable":true,"href":"http:\/\/www.rincondelbulla.cl\/portal\/wp-json\/wp\/v2\/tags?post=11065"}],"curies":[{"name":"wp","href":"https:\/\/api.w.org\/{rel}","templated":true}]}}