{"id":11091,"date":"2017-02-02T14:45:30","date_gmt":"2017-02-02T17:45:30","guid":{"rendered":"http:\/\/www.rincondelbulla.cl\/portal\/?p=11091"},"modified":"2017-02-02T16:14:03","modified_gmt":"2017-02-02T19:14:03","slug":"la-previa-a-iquique-los-pasajes","status":"publish","type":"post","link":"http:\/\/www.rincondelbulla.cl\/portal\/2017\/02\/02\/la-previa-a-iquique-los-pasajes\/","title":{"rendered":"La Previa: A Iquique los pasajes"},"content":{"rendered":"<p><img loading=\"lazy\" decoding=\"async\" class=\"size-full wp-image-11092 alignleft\" src=\"http:\/\/www.rincondelbulla.cl\/portal\/wp-content\/uploads\/2017\/02\/241.jpg\" alt=\"24(1)\" width=\"1100\" height=\"733\" srcset=\"http:\/\/www.rincondelbulla.cl\/portal\/wp-content\/uploads\/2017\/02\/241.jpg 1100w, http:\/\/www.rincondelbulla.cl\/portal\/wp-content\/uploads\/2017\/02\/241-300x200.jpg 300w, http:\/\/www.rincondelbulla.cl\/portal\/wp-content\/uploads\/2017\/02\/241-768x512.jpg 768w, http:\/\/www.rincondelbulla.cl\/portal\/wp-content\/uploads\/2017\/02\/241-696x464.jpg 696w, http:\/\/www.rincondelbulla.cl\/portal\/wp-content\/uploads\/2017\/02\/241-1068x712.jpg 1068w, http:\/\/www.rincondelbulla.cl\/portal\/wp-content\/uploads\/2017\/02\/241-630x420.jpg 630w\" sizes=\"auto, (max-width: 1100px) 100vw, 1100px\" \/><\/p>\n<p><strong>Este fin de semana comienza una nueva aventura para el rom\u00e1ntico viajero. Los azules visitar\u00e1n este domingo al mediod\u00eda a Iquique para jugar la primera fecha del campeonato.<\/strong><\/p>\n<p><!--more-->Luego de una pretemporada extensa con el nuevo cuerpo t\u00e9cnico azul y algunas incorporaciones, Universidad de Chile volver\u00e1 a las canchas oficialmente. Y lo har\u00e1 ante el siempre dif\u00edcil Iquique, clasificado a la Libertadores,\u00a0que recibir\u00e1 a la U en el estadio de Cavancha.<\/p>\n<p>Guillermo Hoyos\u00a0pretende que su\u00a0escuadra\u00a0deje atr\u00e1s los malos momentos del cuadro azul en las temporadas pasadas y apuesta a una victoria en el norte. Para ello saldr\u00eda a la cancha con los mismos jugadores que disputaron el \u00faltimo amistoso frente a O&#8217;Higgins, proyect\u00e1ndose como la oncena titular para este semestre:<\/p>\n<p><strong>Johnny Herrera en el arco; Mat\u00edas Rodr\u00edguez, Christian V\u00edlches, Gonzalo Jara y Franz Schultz en defensa; Gonzalo Espinoza, Lorenzo Reyes y Gustavo Lorenzetti\u00a0en el medio; Leandro Benegas, Mora y Gast\u00f3n Fern\u00e1ndez en el ataque.<\/strong><\/p>\n<p>En tanto a las bajas, seg\u00fan inform\u00f3 Cooperativa, hay dos nombres con los que Hoyos no contar\u00e1: Jean Beausejour y Sebasti\u00e1n Ubilla, quienes hace d\u00edas trabajan de forma diferenciada.<\/p>\n<p>Sobre el \u00faltimo refuerzo azul, David Pizarro, el DT tendr\u00eda considerado al menos citarlo para el duelo ante los dragones.<\/p>\n<p>Cabe destacar que en el \u00faltimo semestre la U\u00a0dej\u00f3 atr\u00e1s a Iquique tras una definici\u00f3n a penales. Sin embargo, en el\u00a0campeonato\u00a0solo consigui\u00f3 un empate 2-2 en los \u00faltimos minutos, en el partido con mayor convocatoria del torneo pasado jugado en el Nacional.<\/p>\n<p>Uno de los duelos m\u00e1s llamativos de la primera fecha, que se vivir\u00e1 este domingo 5 de febrero a las 12:00 horas en el estadio Cavancha<\/p>\n","protected":false},"excerpt":{"rendered":"<p>Este fin de semana comienza una nueva aventura para el rom\u00e1ntico viajero. Los azules visitar\u00e1n este domingo al mediod\u00eda a Iquique para jugar la primera fecha del campeonato.<\/p>\n","protected":false},"author":21383,"featured_media":11092,"comment_status":"closed","ping_status":"open","sticky":false,"template":"","format":"standard","meta":{"footnotes":""},"categories":[18],"tags":[366,214,157,1030],"class_list":{"0":"post-11091","1":"post","2":"type-post","3":"status-publish","4":"format-standard","5":"has-post-thumbnail","7":"category-actualidad","8":"tag-iquique","9":"tag-la-u","10":"tag-portada","11":"tag-primera-fecha"},"_links":{"self":[{"href":"http:\/\/www.rincondelbulla.cl\/portal\/wp-json\/wp\/v2\/posts\/11091","targetHints":{"allow":["GET"]}}],"collection":[{"href":"http:\/\/www.rincondelbulla.cl\/portal\/wp-json\/wp\/v2\/posts"}],"about":[{"href":"http:\/\/www.rincondelbulla.cl\/portal\/wp-json\/wp\/v2\/types\/post"}],"author":[{"embeddable":true,"href":"http:\/\/www.rincondelbulla.cl\/portal\/wp-json\/wp\/v2\/users\/21383"}],"replies":[{"embeddable":true,"href":"http:\/\/www.rincondelbulla.cl\/portal\/wp-json\/wp\/v2\/comments?post=11091"}],"version-history":[{"count":4,"href":"http:\/\/www.rincondelbulla.cl\/portal\/wp-json\/wp\/v2\/posts\/11091\/revisions"}],"predecessor-version":[{"id":11096,"href":"http:\/\/www.rincondelbulla.cl\/portal\/wp-json\/wp\/v2\/posts\/11091\/revisions\/11096"}],"wp:featuredmedia":[{"embeddable":true,"href":"http:\/\/www.rincondelbulla.cl\/portal\/wp-json\/wp\/v2\/media\/11092"}],"wp:attachment":[{"href":"http:\/\/www.rincondelbulla.cl\/portal\/wp-json\/wp\/v2\/media?parent=11091"}],"wp:term":[{"taxonomy":"category","embeddable":true,"href":"http:\/\/www.rincondelbulla.cl\/portal\/wp-json\/wp\/v2\/categories?post=11091"},{"taxonomy":"post_tag","embeddable":true,"href":"http:\/\/www.rincondelbulla.cl\/portal\/wp-json\/wp\/v2\/tags?post=11091"}],"curies":[{"name":"wp","href":"https:\/\/api.w.org\/{rel}","templated":true}]}}