{"id":11098,"date":"2017-02-05T14:07:50","date_gmt":"2017-02-05T17:07:50","guid":{"rendered":"http:\/\/www.rincondelbulla.cl\/portal\/?p=11098"},"modified":"2017-02-05T14:07:50","modified_gmt":"2017-02-05T17:07:50","slug":"las-cosas-empezaron-mal","status":"publish","type":"post","link":"http:\/\/www.rincondelbulla.cl\/portal\/2017\/02\/05\/las-cosas-empezaron-mal\/","title":{"rendered":"Las cosas empezaron mal"},"content":{"rendered":"<p><strong><img loading=\"lazy\" decoding=\"async\" class=\"alignnone wp-image-11099\" src=\"http:\/\/www.rincondelbulla.cl\/portal\/wp-content\/uploads\/2017\/02\/Benegas-Mora-Deportes-Iquique-e1486314290402.jpg\" alt=\"Benegas Mora Deportes Iquique\" width=\"701\" height=\"467\" \/>Mal debut\u00a0de Guillermo Hoyos en la \u00abU\u00bb. Dos goles y dos expulsados marcaron al suerte de los azules. Pizarro y Ontivero vieron acci\u00f3n.<\/strong><!--more--><\/p>\n<p>Tras una primera etapa con algunas llegadas de peligro para ambos equipos, pero sin hacer da\u00f1o, la apertura de la cuenta lleg\u00f3 para los locales en los 54 minutos. C\u00f3rner a favor de los celestes, que Johnny Herrera logra manotear en el piso, pero dando rebote, lo que fue provechado por Thomas Charles para vencer la retaguardia azul.<\/p>\n<p>En los 58, una lesi\u00f3n de Gustavo Lorenzetti dio paso al reestreno de David Pizarro con la camiseta azul. Misma instancia que marc\u00f3 el debut de Lucas Ontivero con la \u201cU\u201d en el pecho.<\/p>\n<p>Los 64 minutos, marcaron un nuevo dolor de cabeza, cuando el \u00e1rbitro Piero Maza expuls\u00f3 por doble amarilla a Gonzalo Espinoza, dejando con diez a los azules. Cuatro minutos m\u00e1s tarde, otra doble amonestaci\u00f3n sac\u00f3 de la cancha a Gonzalo Jara, complicando mucho m\u00e1s el panorama.<\/p>\n<p>La l\u00e1pida la puso Diego Torres en los 74\u00b4, cuando tras controlar un centro al \u00e1rea, Diego Torres fusil\u00f3 a Herrera colocando la segunda cifra para los locales.<\/p>\n<p>Mal debut para Guillermo Hoyos en la banca de Universidad de Chile, extendiendo el tiempo que los azules no pueden ganar en su debut. La pr\u00f3xima fecha, Deportes Temuco ser\u00e1 el desaf\u00edo en el Estadio Nacional.<\/p>\n","protected":false},"excerpt":{"rendered":"<p>Mal debut\u00a0de Guillermo Hoyos en la \u00abU\u00bb. Dos goles y dos expulsados marcaron al suerte de los azules. Pizarro y Ontivero vieron acci\u00f3n.<\/p>\n","protected":false},"author":21382,"featured_media":11099,"comment_status":"closed","ping_status":"open","sticky":false,"template":"","format":"standard","meta":{"footnotes":""},"categories":[18],"tags":[454,999,711,867,424,261,531,1006,78,41,515,157,1031,1005,294,156],"class_list":{"0":"post-11098","1":"post","2":"type-post","3":"status-publish","4":"format-standard","5":"has-post-thumbnail","7":"category-actualidad","8":"tag-actualidad","9":"tag-angel-guillermo-hoyos","10":"tag-deportes-iquique","11":"tag-deportes-temuco","12":"tag-estadio-nacional","13":"tag-gonzalo-espinoza","14":"tag-gonzalo-jara","15":"tag-guillermo-hoyos","16":"tag-gustavo-lorenzetti","17":"tag-johnny-herrera","18":"tag-piero-maza","19":"tag-portada","20":"tag-thomas-charles","21":"tag-torneo-clausura-2016-2017","22":"tag-u-de-chile","23":"tag-universidad-de-chile"},"_links":{"self":[{"href":"http:\/\/www.rincondelbulla.cl\/portal\/wp-json\/wp\/v2\/posts\/11098","targetHints":{"allow":["GET"]}}],"collection":[{"href":"http:\/\/www.rincondelbulla.cl\/portal\/wp-json\/wp\/v2\/posts"}],"about":[{"href":"http:\/\/www.rincondelbulla.cl\/portal\/wp-json\/wp\/v2\/types\/post"}],"author":[{"embeddable":true,"href":"http:\/\/www.rincondelbulla.cl\/portal\/wp-json\/wp\/v2\/users\/21382"}],"replies":[{"embeddable":true,"href":"http:\/\/www.rincondelbulla.cl\/portal\/wp-json\/wp\/v2\/comments?post=11098"}],"version-history":[{"count":1,"href":"http:\/\/www.rincondelbulla.cl\/portal\/wp-json\/wp\/v2\/posts\/11098\/revisions"}],"predecessor-version":[{"id":11100,"href":"http:\/\/www.rincondelbulla.cl\/portal\/wp-json\/wp\/v2\/posts\/11098\/revisions\/11100"}],"wp:featuredmedia":[{"embeddable":true,"href":"http:\/\/www.rincondelbulla.cl\/portal\/wp-json\/wp\/v2\/media\/11099"}],"wp:attachment":[{"href":"http:\/\/www.rincondelbulla.cl\/portal\/wp-json\/wp\/v2\/media?parent=11098"}],"wp:term":[{"taxonomy":"category","embeddable":true,"href":"http:\/\/www.rincondelbulla.cl\/portal\/wp-json\/wp\/v2\/categories?post=11098"},{"taxonomy":"post_tag","embeddable":true,"href":"http:\/\/www.rincondelbulla.cl\/portal\/wp-json\/wp\/v2\/tags?post=11098"}],"curies":[{"name":"wp","href":"https:\/\/api.w.org\/{rel}","templated":true}]}}