{"id":11101,"date":"2017-02-05T20:33:40","date_gmt":"2017-02-05T23:33:40","guid":{"rendered":"http:\/\/www.rincondelbulla.cl\/portal\/?p=11101"},"modified":"2017-02-05T20:33:40","modified_gmt":"2017-02-05T23:33:40","slug":"david-pizarro-realizo-una-autocritica-por-las-expulsiones-y-afirma-que-revertiran-esta-derrota","status":"publish","type":"post","link":"http:\/\/www.rincondelbulla.cl\/portal\/2017\/02\/05\/david-pizarro-realizo-una-autocritica-por-las-expulsiones-y-afirma-que-revertiran-esta-derrota\/","title":{"rendered":"David Pizarro realiz\u00f3 una autocr\u00edtica por las expulsiones y afirma que revertir\u00e1n esta derrota"},"content":{"rendered":"<figure id=\"attachment_11103\" aria-describedby=\"caption-attachment-11103\" style=\"width: 900px\" class=\"wp-caption aligncenter\"><img loading=\"lazy\" decoding=\"async\" class=\"size-full wp-image-11103\" src=\"http:\/\/www.rincondelbulla.cl\/portal\/wp-content\/uploads\/2017\/02\/Pizarro.jpg\" alt=\"Foto: Photosport\" width=\"900\" height=\"600\" srcset=\"http:\/\/www.rincondelbulla.cl\/portal\/wp-content\/uploads\/2017\/02\/Pizarro.jpg 900w, http:\/\/www.rincondelbulla.cl\/portal\/wp-content\/uploads\/2017\/02\/Pizarro-300x200.jpg 300w, http:\/\/www.rincondelbulla.cl\/portal\/wp-content\/uploads\/2017\/02\/Pizarro-768x512.jpg 768w, http:\/\/www.rincondelbulla.cl\/portal\/wp-content\/uploads\/2017\/02\/Pizarro-696x464.jpg 696w, http:\/\/www.rincondelbulla.cl\/portal\/wp-content\/uploads\/2017\/02\/Pizarro-630x420.jpg 630w\" sizes=\"auto, (max-width: 900px) 100vw, 900px\" \/><figcaption id=\"caption-attachment-11103\" class=\"wp-caption-text\">Foto: Photosport<\/figcaption><\/figure>\n<p><strong>La derrota ante Deportes Iquique en el inicio del Torneo de Clausura fue un duro golpe para el equipo, pese a esto, aseguran que seguir\u00e1n trabajando para revertir la situaci\u00f3n.<\/strong><!--more--><\/p>\n<p>Los fantasmas del a\u00f1o pasado volvieron al camar\u00edn azul tras la derrota por 2-0 sufrida en la primera fecha del torneo.<\/p>\n<p>No obstante en la U aseguran que esto se revertir\u00e1 y ser\u00e1n protagonistas en el torneo, \u00ab<strong>fue un primer tiempo parejo. Subiendo la intensidad, seremos un equipo completamente diferente. Esto es trabajo, lo vamos a mejorar<\/strong>\u00ab, se\u00f1al\u00f3 David Pizarro que tuvo un cometido destacado en su regreso tras 16 a\u00f1os a la U.<\/p>\n<p>\u00ab<strong>Vamos a trabajar, eso buscamos como grupo por la calidad que hay. Creo que este equipo est\u00e1 para otra cosa<\/strong>\u00ab, recalc\u00f3 el \u00abFantasista\u00bb.<\/p>\n<p>Finalemnte Pizarro tambi\u00e9n tuvo palabras para las dos expusliones que sufri\u00f3 el equipo, \u00ab<strong>lamentable, porque con nueve es dif\u00edcil ante un equipo que pele\u00f3 el campeonato pasado. No somos favoritos, estamos en b\u00fasqueda de una identidad para poder pelear. Si seguimos hablando de que somos fuertes, se complica<\/strong><strong><\/strong>\u00ab, concluy\u00f3<\/p>\n","protected":false},"excerpt":{"rendered":"<p>La derrota ante Deportes Iquique en el inicio del Torneo de Clausura fue un duro golpe para el equipo, pese a esto, aseguran que seguir\u00e1n trabajando para revertir la situaci\u00f3n.<\/p>\n","protected":false},"author":56,"featured_media":11103,"comment_status":"closed","ping_status":"open","sticky":false,"template":"","format":"standard","meta":{"footnotes":""},"categories":[18],"tags":[454,157,156],"class_list":{"0":"post-11101","1":"post","2":"type-post","3":"status-publish","4":"format-standard","5":"has-post-thumbnail","7":"category-actualidad","8":"tag-actualidad","9":"tag-portada","10":"tag-universidad-de-chile"},"_links":{"self":[{"href":"http:\/\/www.rincondelbulla.cl\/portal\/wp-json\/wp\/v2\/posts\/11101","targetHints":{"allow":["GET"]}}],"collection":[{"href":"http:\/\/www.rincondelbulla.cl\/portal\/wp-json\/wp\/v2\/posts"}],"about":[{"href":"http:\/\/www.rincondelbulla.cl\/portal\/wp-json\/wp\/v2\/types\/post"}],"author":[{"embeddable":true,"href":"http:\/\/www.rincondelbulla.cl\/portal\/wp-json\/wp\/v2\/users\/56"}],"replies":[{"embeddable":true,"href":"http:\/\/www.rincondelbulla.cl\/portal\/wp-json\/wp\/v2\/comments?post=11101"}],"version-history":[{"count":1,"href":"http:\/\/www.rincondelbulla.cl\/portal\/wp-json\/wp\/v2\/posts\/11101\/revisions"}],"predecessor-version":[{"id":11104,"href":"http:\/\/www.rincondelbulla.cl\/portal\/wp-json\/wp\/v2\/posts\/11101\/revisions\/11104"}],"wp:featuredmedia":[{"embeddable":true,"href":"http:\/\/www.rincondelbulla.cl\/portal\/wp-json\/wp\/v2\/media\/11103"}],"wp:attachment":[{"href":"http:\/\/www.rincondelbulla.cl\/portal\/wp-json\/wp\/v2\/media?parent=11101"}],"wp:term":[{"taxonomy":"category","embeddable":true,"href":"http:\/\/www.rincondelbulla.cl\/portal\/wp-json\/wp\/v2\/categories?post=11101"},{"taxonomy":"post_tag","embeddable":true,"href":"http:\/\/www.rincondelbulla.cl\/portal\/wp-json\/wp\/v2\/tags?post=11101"}],"curies":[{"name":"wp","href":"https:\/\/api.w.org\/{rel}","templated":true}]}}