{"id":11121,"date":"2017-02-11T06:56:40","date_gmt":"2017-02-11T09:56:40","guid":{"rendered":"http:\/\/www.rincondelbulla.cl\/portal\/?p=11121"},"modified":"2017-02-11T06:56:40","modified_gmt":"2017-02-11T09:56:40","slug":"la-previa-con-beausejour-y-pizarro-a-la-cabeza-por-el-primer-triunfo-de-local","status":"publish","type":"post","link":"http:\/\/www.rincondelbulla.cl\/portal\/2017\/02\/11\/la-previa-con-beausejour-y-pizarro-a-la-cabeza-por-el-primer-triunfo-de-local\/","title":{"rendered":"La Previa: Con Beausejour y Pizarro a la cabeza por el primer triunfo de local"},"content":{"rendered":"<figure id=\"attachment_11122\" aria-describedby=\"caption-attachment-11122\" style=\"width: 960px\" class=\"wp-caption aligncenter\"><img loading=\"lazy\" decoding=\"async\" class=\"size-full wp-image-11122\" src=\"http:\/\/www.rincondelbulla.cl\/portal\/wp-content\/uploads\/2017\/02\/16603043_10211784795474676_5892077800395071200_n.jpg\" alt=\"PHOTOSPORT\" width=\"960\" height=\"640\" srcset=\"http:\/\/www.rincondelbulla.cl\/portal\/wp-content\/uploads\/2017\/02\/16603043_10211784795474676_5892077800395071200_n.jpg 960w, http:\/\/www.rincondelbulla.cl\/portal\/wp-content\/uploads\/2017\/02\/16603043_10211784795474676_5892077800395071200_n-300x200.jpg 300w, http:\/\/www.rincondelbulla.cl\/portal\/wp-content\/uploads\/2017\/02\/16603043_10211784795474676_5892077800395071200_n-768x512.jpg 768w, http:\/\/www.rincondelbulla.cl\/portal\/wp-content\/uploads\/2017\/02\/16603043_10211784795474676_5892077800395071200_n-696x464.jpg 696w, http:\/\/www.rincondelbulla.cl\/portal\/wp-content\/uploads\/2017\/02\/16603043_10211784795474676_5892077800395071200_n-630x420.jpg 630w\" sizes=\"auto, (max-width: 960px) 100vw, 960px\" \/><figcaption id=\"caption-attachment-11122\" class=\"wp-caption-text\">PHOTOSPORT<\/figcaption><\/figure>\n<p><strong>Este s\u00e1bado la Universidad de Chile recibir\u00e1 a Temuco a las 20:30 horas, en lo que ser\u00e1 la segunda fecha del torneo. Los azules buscar\u00e1n su primera victoria como local ante los albiverdes que luchan por mantenerse en primera.<\/strong><\/p>\n<p><!--more--><\/p>\n<p>Pese a un primer partido ingrato en que la U cay\u00f3 por 2-0 frente a Iquique en el norte, la fe en lo que pueda lograr Guillermo Hoyos aun no se pierde. Con su hinchada y en una cancha m\u00e1s que conocida, los azules buscar\u00e1n partir con el pie derecho en su primer partido como local del torneo.<\/p>\n<p>Las buenas noticias en el equipo de Hoyos, son el regreso de Jean Beausejour tras lesi\u00f3n. Adem\u00e1s, David Pizarro ser\u00eda de la partida en reemplazo de Gonzalo Espinoza, expulsado en el duelo anterior. El Fantasista ya debut\u00f3 con los azules pero sin mucho margen para demostrar su f\u00fatbol dada las condiciones del partido.<\/p>\n<p>Considerando la baja del otro expulsado ante Iquique, Gonzalo Jara, la Universidad de Chile podr\u00eda salir a la cancha con el siguiente esquema:<\/p>\n<p><strong>Johnny Herrera en el arco; Mat\u00edas Rodr\u00edguez, Alejandro Contreras, Christian Vilches y Jean Beausejour atr\u00e1s; David Pizarro, Lorenzo Reyes y Gustavo Lorenzetti en el medio; Leandro Benegas, Felipe Mora y Gast\u00f3n Fern\u00e1ndez en el ataque.<\/strong><\/p>\n<p>Cabe destacar que en el \u00faltimo duelo entre azules y albiverdes la U de V\u00edctor Hugo Casta\u00f1eda se impus\u00f3 por 3-0 en el sur, con anotaciones de Zacar\u00eda y Mora, en un duelo que fue crucial para la clasificaci\u00f3n a la pre Sudamericana.<\/p>\n<p>A\u00fan quedan entradas disponibles para el que ser\u00e1 el primer partido como local de la U de Hoyos. Para m\u00e1s informaci\u00f3n pincha en el siguiente <a href=\"https:\/\/www.puntoticket.com\/evento\/UCH091\">LINK<\/a><\/p>\n<p>&nbsp;<\/p>\n","protected":false},"excerpt":{"rendered":"<p>Este s\u00e1bado la Universidad de Chile recibir\u00e1 a Temuco a las 20:30 horas, en lo que ser\u00e1 la segunda fecha del torneo. Los azules buscar\u00e1n su primera victoria como local ante los albiverdes que luchan por mantenerse en primera.<\/p>\n","protected":false},"author":21383,"featured_media":11122,"comment_status":"closed","ping_status":"open","sticky":false,"template":"","format":"standard","meta":{"footnotes":""},"categories":[18,20],"tags":[37,807,157,464,294],"class_list":{"0":"post-11121","1":"post","2":"type-post","3":"status-publish","4":"format-standard","5":"has-post-thumbnail","7":"category-actualidad","8":"category-avisos","9":"tag-la-previa","10":"tag-nacional","11":"tag-portada","12":"tag-temuco","13":"tag-u-de-chile"},"_links":{"self":[{"href":"http:\/\/www.rincondelbulla.cl\/portal\/wp-json\/wp\/v2\/posts\/11121","targetHints":{"allow":["GET"]}}],"collection":[{"href":"http:\/\/www.rincondelbulla.cl\/portal\/wp-json\/wp\/v2\/posts"}],"about":[{"href":"http:\/\/www.rincondelbulla.cl\/portal\/wp-json\/wp\/v2\/types\/post"}],"author":[{"embeddable":true,"href":"http:\/\/www.rincondelbulla.cl\/portal\/wp-json\/wp\/v2\/users\/21383"}],"replies":[{"embeddable":true,"href":"http:\/\/www.rincondelbulla.cl\/portal\/wp-json\/wp\/v2\/comments?post=11121"}],"version-history":[{"count":1,"href":"http:\/\/www.rincondelbulla.cl\/portal\/wp-json\/wp\/v2\/posts\/11121\/revisions"}],"predecessor-version":[{"id":11123,"href":"http:\/\/www.rincondelbulla.cl\/portal\/wp-json\/wp\/v2\/posts\/11121\/revisions\/11123"}],"wp:featuredmedia":[{"embeddable":true,"href":"http:\/\/www.rincondelbulla.cl\/portal\/wp-json\/wp\/v2\/media\/11122"}],"wp:attachment":[{"href":"http:\/\/www.rincondelbulla.cl\/portal\/wp-json\/wp\/v2\/media?parent=11121"}],"wp:term":[{"taxonomy":"category","embeddable":true,"href":"http:\/\/www.rincondelbulla.cl\/portal\/wp-json\/wp\/v2\/categories?post=11121"},{"taxonomy":"post_tag","embeddable":true,"href":"http:\/\/www.rincondelbulla.cl\/portal\/wp-json\/wp\/v2\/tags?post=11121"}],"curies":[{"name":"wp","href":"https:\/\/api.w.org\/{rel}","templated":true}]}}