{"id":11130,"date":"2017-02-12T00:47:17","date_gmt":"2017-02-12T03:47:17","guid":{"rendered":"http:\/\/www.rincondelbulla.cl\/portal\/?p=11130"},"modified":"2017-02-12T00:47:17","modified_gmt":"2017-02-12T03:47:17","slug":"marca-personal-a-veces-lo-importante-es-ganar","status":"publish","type":"post","link":"http:\/\/www.rincondelbulla.cl\/portal\/2017\/02\/12\/marca-personal-a-veces-lo-importante-es-ganar\/","title":{"rendered":"Marca Personal: A veces lo importante es ganar"},"content":{"rendered":"<p><img loading=\"lazy\" decoding=\"async\" class=\"alignnone size-full wp-image-11131\" src=\"http:\/\/www.rincondelbulla.cl\/portal\/wp-content\/uploads\/2017\/02\/16716301_10210781220180103_1062973174906597822_o.jpg\" alt=\"16716301_10210781220180103_1062973174906597822_o\" width=\"2048\" height=\"1365\" srcset=\"http:\/\/www.rincondelbulla.cl\/portal\/wp-content\/uploads\/2017\/02\/16716301_10210781220180103_1062973174906597822_o.jpg 2048w, http:\/\/www.rincondelbulla.cl\/portal\/wp-content\/uploads\/2017\/02\/16716301_10210781220180103_1062973174906597822_o-300x200.jpg 300w, http:\/\/www.rincondelbulla.cl\/portal\/wp-content\/uploads\/2017\/02\/16716301_10210781220180103_1062973174906597822_o-768x512.jpg 768w, http:\/\/www.rincondelbulla.cl\/portal\/wp-content\/uploads\/2017\/02\/16716301_10210781220180103_1062973174906597822_o-1200x800.jpg 1200w, http:\/\/www.rincondelbulla.cl\/portal\/wp-content\/uploads\/2017\/02\/16716301_10210781220180103_1062973174906597822_o-696x464.jpg 696w, http:\/\/www.rincondelbulla.cl\/portal\/wp-content\/uploads\/2017\/02\/16716301_10210781220180103_1062973174906597822_o-1068x712.jpg 1068w, http:\/\/www.rincondelbulla.cl\/portal\/wp-content\/uploads\/2017\/02\/16716301_10210781220180103_1062973174906597822_o-630x420.jpg 630w\" sizes=\"auto, (max-width: 2048px) 100vw, 2048px\" \/><\/p>\n<p><strong>La U volvi\u00f3 a celebrar en el Nacional, en un partido deslucido los azules vencieron por la cuenta m\u00ednima frente a m\u00e1s de veinte mil espectadores con gol de Mat\u00edas Rodr\u00edguez gracias al grosero fallo del ex azul Luis Mar\u00edn.<\/strong><!--more--><\/p>\n<p>Era el debut del elenco de Hoyos en el Nacional, y pese al mal comienzo en el norte, 0-2 frente a Iquique en la primera fecha, la hinchada azul lleg\u00f3 en masa, era que no, al principal reducto deportivo del pa\u00eds. En el primer tiempo hubo un solo equipo que busc\u00f3 el arco rival en la cancha del Julio Mart\u00ednez, a los once minutos lleg\u00f3 el festejo azul en los pies de Mat\u00edas Rodr\u00edguez y con la complicidad de Luis Mar\u00edn. Luego de eso la U mantuvo el dominio del bal\u00f3n y se le vi\u00f3 muy bien conectado a Rodr\u00edguez con Ontivero y a Lorenzetti con Beausejour.<\/p>\n<p>En el segundo tiempo el partido fue bastante aburrido, el ingreso de Pizarro le di\u00f3 precisi\u00f3n en la entrega del bal\u00f3n, pero el f\u00edsico ya no acompa\u00f1aba a los delanteros azules. Temuco quiso acercarse e inquetar a herrera, pero lleg\u00f3 poco y nada. Este es el Marca Personal del Rinc\u00f3n del Bulla<\/p>\n<p><strong>25.-Johnny Herrera:<\/strong> Muy atento vez que le dispararon de lejos, y muy colaborador en la salida con los pies. Nota 5.0<\/p>\n<p><strong>16.-Mat\u00edas Rodr\u00edguez: Mientras le dur\u00f3 el f\u00edsico fue constantemente un agente en ofensiva, marc\u00f3 el gol y se encontr\u00f3 de gran manera con Ontivero. Nota 6.0<\/strong><\/p>\n<p><strong>4.-Alejandro Contreras:<\/strong> Muy atento en los cruces, a veces repetitivo en salir jugando con Vilches o Reyes. Nota 4.5<\/p>\n<p><strong>2.-Cristian Vilches:<\/strong> Triunfo en las alturas, y atento en los cruces. Abus\u00e1 de tocar al lado o atras. Nota 4.5<\/p>\n<p><strong>15.-Jean Beausejour:<\/strong> En el primer tiempo subi\u00f3 constantemente por su banda, dejando a la deriva su franja. Pese a ello buen partido del latera. Nota 4.5<\/p>\n<p><strong>14.- Franz Schultz:<\/strong> El polifuncional volante juega y rinde donde lo pongan, basando su juego en la garra y el coraz\u00f3n. Nota 5.0<\/p>\n<p><strong>21.-Lorenzo Reyes:<\/strong> Se le vio descolocado en el primer lapso, en el complemento con el ingreso de Pizarro y como volante central elev\u00f3 su rendimiento. Nota 4.5<\/p>\n<p><strong>22.-Gustavo Lorenzetti:<\/strong> Trajino durante todo el encuentro, y logr\u00f3 generar bastante cargado a la izquierda. Nota 5.0<\/p>\n<p><strong>20.-Lucas Ontivero<\/strong>: Primer partido de titular y mostr\u00f3 pinceladas de su talento hasta que le dur\u00f3 el f\u00edsico, parece que Azul Azul no se equivoc\u00f3 esta vez. Nota 5.0<\/p>\n<p><strong>7.-Leandro Benegas:<\/strong> Derroch\u00f3 sacrificio, pero en lo futbol\u00edstico sigue al debe \u201cEl Toro\u201d, no gana balones por arriba y pareciera jugar con los zapatos cambiados, pese a ello fue una de las figuras en el triunfo azul. Nota 5.5<\/p>\n<p><strong>10.-Gast\u00f3n Fern\u00e1ndez:<\/strong> Partido para el olvido el de \u201cLa Gata\u201d, displicente e irrelevante. Nota 3.0<\/p>\n<p><strong>Cambios<\/strong><\/p>\n<p><strong>8.-David Pizarro (63\u2019 por Ontivero):<\/strong> Pese a que no corre como antes, su talento est\u00e1 intacto, y que manera de tener talento. Nota 5.0<\/p>\n<p><strong>11.- Sebasti\u00e1n Ubilla (76\u2019 por Beausejour):<\/strong> Abri\u00f3 la cancha, pero los compa\u00f1eros en ataque ya no les quedaban piernas. Nota 4.0<\/p>\n<p><strong>9.-Felipe Mora (87\u2019 por Benegas)<\/strong>:&#8212;&#8212;&#8212;&#8211;<\/p>\n","protected":false},"excerpt":{"rendered":"<p>La U volvi\u00f3 a celebrar en el Nacional, en un partido deslucido los azules vencieron por la cuenta m\u00ednima frente a m\u00e1s de veinte mil espectadores con gol de Mat\u00edas Rodr\u00edguez gracias al grosero fallo del ex azul Luis Mar\u00edn.<\/p>\n","protected":false},"author":21381,"featured_media":11131,"comment_status":"closed","ping_status":"open","sticky":false,"template":"","format":"standard","meta":{"footnotes":""},"categories":[18],"tags":[867,43,65,1005,1034],"class_list":{"0":"post-11130","1":"post","2":"type-post","3":"status-publish","4":"format-standard","5":"has-post-thumbnail","7":"category-actualidad","8":"tag-deportes-temuco","9":"tag-marca-personal","10":"tag-matias-rodriguez","11":"tag-torneo-clausura-2016-2017","12":"tag-triunfo-azul"},"_links":{"self":[{"href":"http:\/\/www.rincondelbulla.cl\/portal\/wp-json\/wp\/v2\/posts\/11130","targetHints":{"allow":["GET"]}}],"collection":[{"href":"http:\/\/www.rincondelbulla.cl\/portal\/wp-json\/wp\/v2\/posts"}],"about":[{"href":"http:\/\/www.rincondelbulla.cl\/portal\/wp-json\/wp\/v2\/types\/post"}],"author":[{"embeddable":true,"href":"http:\/\/www.rincondelbulla.cl\/portal\/wp-json\/wp\/v2\/users\/21381"}],"replies":[{"embeddable":true,"href":"http:\/\/www.rincondelbulla.cl\/portal\/wp-json\/wp\/v2\/comments?post=11130"}],"version-history":[{"count":1,"href":"http:\/\/www.rincondelbulla.cl\/portal\/wp-json\/wp\/v2\/posts\/11130\/revisions"}],"predecessor-version":[{"id":11132,"href":"http:\/\/www.rincondelbulla.cl\/portal\/wp-json\/wp\/v2\/posts\/11130\/revisions\/11132"}],"wp:featuredmedia":[{"embeddable":true,"href":"http:\/\/www.rincondelbulla.cl\/portal\/wp-json\/wp\/v2\/media\/11131"}],"wp:attachment":[{"href":"http:\/\/www.rincondelbulla.cl\/portal\/wp-json\/wp\/v2\/media?parent=11130"}],"wp:term":[{"taxonomy":"category","embeddable":true,"href":"http:\/\/www.rincondelbulla.cl\/portal\/wp-json\/wp\/v2\/categories?post=11130"},{"taxonomy":"post_tag","embeddable":true,"href":"http:\/\/www.rincondelbulla.cl\/portal\/wp-json\/wp\/v2\/tags?post=11130"}],"curies":[{"name":"wp","href":"https:\/\/api.w.org\/{rel}","templated":true}]}}