{"id":11148,"date":"2017-02-21T13:43:57","date_gmt":"2017-02-21T16:43:57","guid":{"rendered":"http:\/\/www.rincondelbulla.cl\/portal\/?p=11148"},"modified":"2017-02-21T13:43:57","modified_gmt":"2017-02-21T16:43:57","slug":"jean-beausejour-nuestro-objetivo-es-everton","status":"publish","type":"post","link":"http:\/\/www.rincondelbulla.cl\/portal\/2017\/02\/21\/jean-beausejour-nuestro-objetivo-es-everton\/","title":{"rendered":"Jean Beausejour: \u00abNuestro objetivo es Everton\u00bb"},"content":{"rendered":"<p><iframe loading=\"lazy\" width=\"696\" height=\"392\" src=\"https:\/\/www.youtube.com\/embed\/PIPrhLI0KjQ?feature=oembed\" frameborder=\"0\" allow=\"accelerometer; autoplay; encrypted-media; gyroscope; picture-in-picture\" allowfullscreen><\/iframe><\/p>\n<p><strong>Jean Andr\u00e9 Beausejour se sent\u00f3 por primera vez en la sala de prensa, para atender a los periodistas presentes en el CDA, y se mostr\u00f3 autocr\u00edtico en todo momento \u00abSiempre dir\u00e9 que los responsables somos nosotros, nunca el t\u00e9cnico. En alg\u00fan momento saldremos adelante, de eso no tengo dudas, el semestre pasado fue malo, pero ahora s\u00f3lo van tres partidos, tenemos mucho margen para mejorar. Eso me da esperanzas\u00bb.<\/strong><!--more--><\/p>\n<p>El jugador con ancestros Haitianos y Mapuches, no tuvo problemas para responder todas las preguntas y con toda honestidad enfrent\u00f3 temas inc\u00f3modos, como la situaci\u00f3n vivida por \u201cLa Gata\u201d Gast\u00f3n Fernandez, \u00abNo tengo los antecedentes para comentar lo que pas\u00f3. Lo que puedo decir de Gast\u00f3n es que es un l\u00edder positivo que todo plantel necesita. No s\u00e9 qu\u00e9 imagen tengan de \u00e9l, pero para m\u00ed suma, siempre pone la cara. En los malos momentos siempre quiere estar. En la derrota uno conoce al compa\u00f1ero y en la adversidad me gusta tener tipos como Gast\u00f3n\u00bb asever\u00f3 el Zurdo que hizo inferiores en Universidad de Chile.<\/p>\n<p><strong>Perspectivas<\/strong> \u00absiento que algunas noticias, por ejemplo en tu diario (Apunt\u00f3 al periodista de la tercera), tienen distintas perspectivas. Despu\u00e9s de Colo Colo-O&#8217;Higgins dec\u00edan que ellos merecieron empatar y no dijeron lo mismo de nosotros el fin de semana, cuando siento que merecimos al menos empatar. Lo m\u00e1s importante es el resultado, pero siento que hubo cosas buenas y no tenemos por qu\u00e9 no decirlas. A veces el resultado esconde las cosas buenas\u00bb<\/p>\n<p><strong>Objetivos a corto plazo<\/strong> \u00abNuestro principal objetivo es Everton. Yo al menos no voy m\u00e1s all\u00e1. Iremos viendo fecha a fecha, pero no me aventurar\u00eda a hablar nada m\u00e1s all\u00e1\u00bb.<\/p>\n<p><strong>Hoyos y la presi\u00f3n<\/strong> \u00abNo creo que Guillermo tenga que hacerse cargo de una historia donde no tuvo responsabilidad. \u00c9l va a responder por su historia desde que lleg\u00f3 al club y en la evaluaci\u00f3n a mitad de a\u00f1o, van solo 3 partidos y no me parece el momento de hacer an\u00e1lisis\u201d.<\/p>\n<p>&nbsp;<\/p>\n<p>&nbsp;<\/p>\n","protected":false},"excerpt":{"rendered":"<p>Jean Andr\u00e9 Beausejour se sent\u00f3 por primera vez en la sala de prensa, para atender a los periodistas presentes en el CDA, y se mostr\u00f3 autocr\u00edtico en todo momento \u00abSiempre dir\u00e9 que los responsables somos nosotros, nunca el t\u00e9cnico. En alg\u00fan momento saldremos adelante, de eso no tengo dudas, el semestre pasado fue malo, pero [&#8230;]<\/p>\n","protected":false},"author":21381,"featured_media":10301,"comment_status":"closed","ping_status":"open","sticky":false,"template":"","format":"standard","meta":{"footnotes":""},"categories":[18],"tags":[288,209,782,1006,821,1005],"class_list":{"0":"post-11148","1":"post","2":"type-post","3":"status-publish","4":"format-standard","5":"has-post-thumbnail","7":"category-actualidad","8":"tag-cda","9":"tag-conferencia-de-prensa","10":"tag-gaston-fernandez","11":"tag-guillermo-hoyos","12":"tag-jean-beausejour","13":"tag-torneo-clausura-2016-2017"},"_links":{"self":[{"href":"http:\/\/www.rincondelbulla.cl\/portal\/wp-json\/wp\/v2\/posts\/11148","targetHints":{"allow":["GET"]}}],"collection":[{"href":"http:\/\/www.rincondelbulla.cl\/portal\/wp-json\/wp\/v2\/posts"}],"about":[{"href":"http:\/\/www.rincondelbulla.cl\/portal\/wp-json\/wp\/v2\/types\/post"}],"author":[{"embeddable":true,"href":"http:\/\/www.rincondelbulla.cl\/portal\/wp-json\/wp\/v2\/users\/21381"}],"replies":[{"embeddable":true,"href":"http:\/\/www.rincondelbulla.cl\/portal\/wp-json\/wp\/v2\/comments?post=11148"}],"version-history":[{"count":2,"href":"http:\/\/www.rincondelbulla.cl\/portal\/wp-json\/wp\/v2\/posts\/11148\/revisions"}],"predecessor-version":[{"id":11150,"href":"http:\/\/www.rincondelbulla.cl\/portal\/wp-json\/wp\/v2\/posts\/11148\/revisions\/11150"}],"wp:featuredmedia":[{"embeddable":true,"href":"http:\/\/www.rincondelbulla.cl\/portal\/wp-json\/wp\/v2\/media\/10301"}],"wp:attachment":[{"href":"http:\/\/www.rincondelbulla.cl\/portal\/wp-json\/wp\/v2\/media?parent=11148"}],"wp:term":[{"taxonomy":"category","embeddable":true,"href":"http:\/\/www.rincondelbulla.cl\/portal\/wp-json\/wp\/v2\/categories?post=11148"},{"taxonomy":"post_tag","embeddable":true,"href":"http:\/\/www.rincondelbulla.cl\/portal\/wp-json\/wp\/v2\/tags?post=11148"}],"curies":[{"name":"wp","href":"https:\/\/api.w.org\/{rel}","templated":true}]}}