{"id":11163,"date":"2017-02-28T08:49:46","date_gmt":"2017-02-28T11:49:46","guid":{"rendered":"http:\/\/www.rincondelbulla.cl\/portal\/?p=11163"},"modified":"2017-02-28T08:53:17","modified_gmt":"2017-02-28T11:53:17","slug":"medio-brasileno-asegura-que-la-gata-esta-cerca-de-gremio","status":"publish","type":"post","link":"http:\/\/www.rincondelbulla.cl\/portal\/2017\/02\/28\/medio-brasileno-asegura-que-la-gata-esta-cerca-de-gremio\/","title":{"rendered":"Medio brasile\u00f1o asegura que \u201cLa Gata\u201d est\u00e1 cerca de Gremio"},"content":{"rendered":"<p><strong><img loading=\"lazy\" decoding=\"async\" class=\"alignnone  wp-image-10044\" src=\"http:\/\/www.rincondelbulla.cl\/portal\/wp-content\/uploads\/2016\/07\/image.jpeg\" alt=\"image\" width=\"700\" height=\"394\" srcset=\"http:\/\/www.rincondelbulla.cl\/portal\/wp-content\/uploads\/2016\/07\/image.jpeg 640w, http:\/\/www.rincondelbulla.cl\/portal\/wp-content\/uploads\/2016\/07\/image-300x169.jpeg 300w\" sizes=\"auto, (max-width: 700px) 100vw, 700px\" \/>En su sitio web, Globo Esporte asegura que las negociaciones est\u00e1n avanzadas y que incluso ya habr\u00eda un plan de pago.<\/strong><!--more--><\/p>\n<p>Desde hace d\u00edas se habla de la posible salida de Gast\u00f3n Fern\u00e1ndez de la \u201cU\u201d, pero en las \u00faltimas horas este rumor se intensifica.<\/p>\n<p>Ahora es el sitio web <a href=\"http:\/\/globoesporte.globo.com\/rs\/futebol\/noticia\/2017\/02\/gremio-negocia-com-la-u-e-fica-proximo-de-meia-gaston-fernandez.html\">Globo Esporte<\/a> quien publica que Gremio de Porto Alegre est\u00e1 interesado en contar con los servicios del argentino, por lo que habr\u00eda contactos ya con Universidad de Chile.<\/p>\n<p>Se dice que el cuadro carioca pagar\u00eda cerca de US $ 1,4 millones por la carta del jugador, en tres pagos de US$ 475 mil cada uno. Incluso se habla de un acuerdo econ\u00f3mico entre el club y Fern\u00e1ndez, quien llegar\u00eda a Brasil por dos temporadas.<\/p>\n<p>El medio deportivo adem\u00e1s hace hincapi\u00e9 en lo mal que lo estar\u00eda pasando \u201cLa Gata\u201d en Universidad de Chile, destacando las cr\u00edticas de los hinchas y las pifias con las que fue despedido tras ser reemplazado en el empate con Everton de Vi\u00f1a del mar el s\u00e1bado reci\u00e9n pasado.<\/p>\n<p>Globo Esporte asegura haber conversado con Gast\u00f3n Fern\u00e1ndez sobre esta supuesta negociaci\u00f3n, a lo que el jugador habr\u00eda respondido <strong>\u201chay una posibilidad, pero no puedo hablar mucho\u201d.<\/strong><\/p>\n","protected":false},"excerpt":{"rendered":"<p>En su sitio web, Globo Esporte asegura que las negociaciones est\u00e1n avanzadas y que incluso ya habr\u00eda un plan de pago.<\/p>\n","protected":false},"author":21382,"featured_media":10237,"comment_status":"closed","ping_status":"open","sticky":false,"template":"","format":"standard","meta":{"footnotes":""},"categories":[18],"tags":[454,1038,782,1041,1040,783,157,294,156],"class_list":{"0":"post-11163","1":"post","2":"type-post","3":"status-publish","4":"format-standard","5":"has-post-thumbnail","7":"category-actualidad","8":"tag-actualidad","9":"tag-brasil","10":"tag-gaston-fernandez","11":"tag-globo-esporte","12":"tag-gremio-porto-alegre","13":"tag-la-gata","14":"tag-portada","15":"tag-u-de-chile","16":"tag-universidad-de-chile"},"_links":{"self":[{"href":"http:\/\/www.rincondelbulla.cl\/portal\/wp-json\/wp\/v2\/posts\/11163","targetHints":{"allow":["GET"]}}],"collection":[{"href":"http:\/\/www.rincondelbulla.cl\/portal\/wp-json\/wp\/v2\/posts"}],"about":[{"href":"http:\/\/www.rincondelbulla.cl\/portal\/wp-json\/wp\/v2\/types\/post"}],"author":[{"embeddable":true,"href":"http:\/\/www.rincondelbulla.cl\/portal\/wp-json\/wp\/v2\/users\/21382"}],"replies":[{"embeddable":true,"href":"http:\/\/www.rincondelbulla.cl\/portal\/wp-json\/wp\/v2\/comments?post=11163"}],"version-history":[{"count":3,"href":"http:\/\/www.rincondelbulla.cl\/portal\/wp-json\/wp\/v2\/posts\/11163\/revisions"}],"predecessor-version":[{"id":11165,"href":"http:\/\/www.rincondelbulla.cl\/portal\/wp-json\/wp\/v2\/posts\/11163\/revisions\/11165"}],"wp:featuredmedia":[{"embeddable":true,"href":"http:\/\/www.rincondelbulla.cl\/portal\/wp-json\/wp\/v2\/media\/10237"}],"wp:attachment":[{"href":"http:\/\/www.rincondelbulla.cl\/portal\/wp-json\/wp\/v2\/media?parent=11163"}],"wp:term":[{"taxonomy":"category","embeddable":true,"href":"http:\/\/www.rincondelbulla.cl\/portal\/wp-json\/wp\/v2\/categories?post=11163"},{"taxonomy":"post_tag","embeddable":true,"href":"http:\/\/www.rincondelbulla.cl\/portal\/wp-json\/wp\/v2\/tags?post=11163"}],"curies":[{"name":"wp","href":"https:\/\/api.w.org\/{rel}","templated":true}]}}