{"id":11167,"date":"2017-03-01T16:01:10","date_gmt":"2017-03-01T19:01:10","guid":{"rendered":"http:\/\/www.rincondelbulla.cl\/portal\/?p=11167"},"modified":"2017-03-01T16:07:13","modified_gmt":"2017-03-01T19:07:13","slug":"fin-de-la-teleserie-la-gata-deja-la-u-para-partir-a-gremio-de-brasil","status":"publish","type":"post","link":"http:\/\/www.rincondelbulla.cl\/portal\/2017\/03\/01\/fin-de-la-teleserie-la-gata-deja-la-u-para-partir-a-gremio-de-brasil\/","title":{"rendered":"Fin de la teleserie: La \u00abGata\u00bb deja la U para partir a Gremio de Brasil"},"content":{"rendered":"<p><img loading=\"lazy\" decoding=\"async\" class=\"aligncenter size-full wp-image-11168\" src=\"http:\/\/www.rincondelbulla.cl\/portal\/wp-content\/uploads\/2017\/03\/Ferna\u0301ndez.jpeg\" alt=\"Ferna\u0301ndez\" width=\"1000\" height=\"667\" srcset=\"http:\/\/www.rincondelbulla.cl\/portal\/wp-content\/uploads\/2017\/03\/Ferna\u0301ndez.jpeg 1000w, http:\/\/www.rincondelbulla.cl\/portal\/wp-content\/uploads\/2017\/03\/Ferna\u0301ndez-300x200.jpeg 300w, http:\/\/www.rincondelbulla.cl\/portal\/wp-content\/uploads\/2017\/03\/Ferna\u0301ndez-768x512.jpeg 768w, http:\/\/www.rincondelbulla.cl\/portal\/wp-content\/uploads\/2017\/03\/Ferna\u0301ndez-696x464.jpeg 696w, http:\/\/www.rincondelbulla.cl\/portal\/wp-content\/uploads\/2017\/03\/Ferna\u0301ndez-630x420.jpeg 630w\" sizes=\"auto, (max-width: 1000px) 100vw, 1000px\" \/><\/p>\n<p><strong>El volante argentino se reuni\u00f3 en hora de este mi\u00e9rcoles con la dirigencia de la U para sellar su partida del Rom\u00e1ntico Viajero.<\/strong><!--more--><\/p>\n<p>Finalmente Gast\u00f3n Fern\u00e1ndez ser\u00e1 el nuevo refuerzo de Gremio de Brasil para Copa Libertadores, seg\u00fan inform\u00f3 el programa Al Aire Libre de radio Cooperativa.<\/p>\n<p>El argentino recibi\u00f3 un oferta formal y dada su cuestionada y pol\u00e9mica estad\u00eda en los azules, acept\u00f3 de inmediato partiri al conjunto brasile\u00f1o.<\/p>\n<p>De esta forma pone fin a su paso por la U donde fue uno de los jugadores que mejor rendimiento mostr\u00f3 en la temporada 2016, pero poco y nada sirvi\u00f3 para posicionar a los azules en lugares competitivos.<\/p>\n<p>S\u00f3lo falta que el club oficialice esta informaci\u00f3n, pero es un hecho que Fern\u00e1ndez deja la U.<\/p>\n<p>&nbsp;<\/p>\n<p>&nbsp;<\/p>\n<p>&nbsp;<\/p>\n<p>&nbsp;<\/p>\n","protected":false},"excerpt":{"rendered":"<p>El volante argentino se reuni\u00f3 en hora de este mi\u00e9rcoles con la dirigencia de la U para sellar su partida del Rom\u00e1ntico Viajero.<\/p>\n","protected":false},"author":56,"featured_media":11168,"comment_status":"closed","ping_status":"open","sticky":false,"template":"","format":"standard","meta":{"footnotes":""},"categories":[18],"tags":[454,157,156],"class_list":{"0":"post-11167","1":"post","2":"type-post","3":"status-publish","4":"format-standard","5":"has-post-thumbnail","7":"category-actualidad","8":"tag-actualidad","9":"tag-portada","10":"tag-universidad-de-chile"},"_links":{"self":[{"href":"http:\/\/www.rincondelbulla.cl\/portal\/wp-json\/wp\/v2\/posts\/11167","targetHints":{"allow":["GET"]}}],"collection":[{"href":"http:\/\/www.rincondelbulla.cl\/portal\/wp-json\/wp\/v2\/posts"}],"about":[{"href":"http:\/\/www.rincondelbulla.cl\/portal\/wp-json\/wp\/v2\/types\/post"}],"author":[{"embeddable":true,"href":"http:\/\/www.rincondelbulla.cl\/portal\/wp-json\/wp\/v2\/users\/56"}],"replies":[{"embeddable":true,"href":"http:\/\/www.rincondelbulla.cl\/portal\/wp-json\/wp\/v2\/comments?post=11167"}],"version-history":[{"count":2,"href":"http:\/\/www.rincondelbulla.cl\/portal\/wp-json\/wp\/v2\/posts\/11167\/revisions"}],"predecessor-version":[{"id":11171,"href":"http:\/\/www.rincondelbulla.cl\/portal\/wp-json\/wp\/v2\/posts\/11167\/revisions\/11171"}],"wp:featuredmedia":[{"embeddable":true,"href":"http:\/\/www.rincondelbulla.cl\/portal\/wp-json\/wp\/v2\/media\/11168"}],"wp:attachment":[{"href":"http:\/\/www.rincondelbulla.cl\/portal\/wp-json\/wp\/v2\/media?parent=11167"}],"wp:term":[{"taxonomy":"category","embeddable":true,"href":"http:\/\/www.rincondelbulla.cl\/portal\/wp-json\/wp\/v2\/categories?post=11167"},{"taxonomy":"post_tag","embeddable":true,"href":"http:\/\/www.rincondelbulla.cl\/portal\/wp-json\/wp\/v2\/tags?post=11167"}],"curies":[{"name":"wp","href":"https:\/\/api.w.org\/{rel}","templated":true}]}}