{"id":11196,"date":"2017-03-12T23:29:00","date_gmt":"2017-03-13T02:29:00","guid":{"rendered":"http:\/\/www.rincondelbulla.cl\/portal\/?p=11196"},"modified":"2017-03-12T23:29:00","modified_gmt":"2017-03-13T02:29:00","slug":"la-figura-de-la-u-se-ilusiona-con-un-llamado-de-pizzi-siempre-esta-la-ilusion-de-la-seleccion-estoy-trabajando-para-eso","status":"publish","type":"post","link":"http:\/\/www.rincondelbulla.cl\/portal\/2017\/03\/12\/la-figura-de-la-u-se-ilusiona-con-un-llamado-de-pizzi-siempre-esta-la-ilusion-de-la-seleccion-estoy-trabajando-para-eso\/","title":{"rendered":"La figura de la U se ilusiona con un llamado de Pizzi: \u00abSiempre est\u00e1 la ilusi\u00f3n de la Selecci\u00f3n, estoy trabajando para eso\u201d."},"content":{"rendered":"<figure id=\"attachment_11197\" aria-describedby=\"caption-attachment-11197\" style=\"width: 1000px\" class=\"wp-caption aligncenter\"><img loading=\"lazy\" decoding=\"async\" class=\"size-full wp-image-11197\" src=\"http:\/\/www.rincondelbulla.cl\/portal\/wp-content\/uploads\/2017\/03\/Mora-2.jpg\" alt=\"Foto: Claudio C\u00e1ceres\" width=\"1000\" height=\"667\" srcset=\"http:\/\/www.rincondelbulla.cl\/portal\/wp-content\/uploads\/2017\/03\/Mora-2.jpg 1000w, http:\/\/www.rincondelbulla.cl\/portal\/wp-content\/uploads\/2017\/03\/Mora-2-300x200.jpg 300w, http:\/\/www.rincondelbulla.cl\/portal\/wp-content\/uploads\/2017\/03\/Mora-2-768x512.jpg 768w, http:\/\/www.rincondelbulla.cl\/portal\/wp-content\/uploads\/2017\/03\/Mora-2-696x464.jpg 696w, http:\/\/www.rincondelbulla.cl\/portal\/wp-content\/uploads\/2017\/03\/Mora-2-630x420.jpg 630w\" sizes=\"auto, (max-width: 1000px) 100vw, 1000px\" \/><figcaption id=\"caption-attachment-11197\" class=\"wp-caption-text\">Foto: Claudio C\u00e1ceres<\/figcaption><\/figure>\n<p><strong>Felipe Mora se convirti\u00f3 en e goleador de la U en esta temporada, el delantero sum\u00f3 cinco dianas y alcanz\u00f3 la cima de la tabla de goleadores del Clausura.<\/strong><!--more--><\/p>\n<p>Hace unas semanas el ex Audax Italiano veia los partidos desde el banco, pero una vez que Gast\u00f3n Fern\u00e1ndez dej\u00f3 a los azules asumi\u00f3 la titularidad y al parecer no la suelta m\u00e1s.<\/p>\n<p>En s\u00f3lo dos partidos Felipe Mora se transform\u00f3 en el goleador de la U y del Torneo de Clausura, sumando cinco goles.<\/p>\n<p>Una vez finalizado el partido ante Audax Italiano Mora se refiri\u00f3 a su actual momento y no olvida que estuvo en la banca esperando su turno, \u00ab<strong>Hace un par de semanas no me tocaba jugar, pero sab\u00eda que con trabajo se me iban a dar las cosas. Por suerte ahora se mes est\u00e1n dando<\/strong>\u00ab, se\u00f1al\u00f3 a la transmisi\u00f3n oficial.<\/p>\n<p>Pero el gran desaf\u00edo de Mora es poder jugar por la Selecci\u00f3n Chilena y es algo por lo que est\u00e1 trabajando, \u00ab<strong>S\u00ed, siempre est\u00e1 la ilusi\u00f3n (de una convocatoria), estoy trabajando para eso<\/strong>\u00ab, a\u00f1adi\u00f3.<\/p>\n<p>Finalmente revel\u00f3 lo que Guillermo Hoyos le est\u00e1 pidiendo al equipo para conseguir los objetivos planteados, \u00ab<strong>El profe nos pide que hay que presionar arriba y si presionamos estamos m\u00e1s cerca del arco rival y as\u00ed podemos convertir los goles<\/strong>\u00ab, finaliz\u00f3.<\/p>\n<p>&nbsp;<\/p>\n","protected":false},"excerpt":{"rendered":"<p>Felipe Mora se convirti\u00f3 en e goleador de la U en esta temporada, el delantero sum\u00f3 cinco dianas y alcanz\u00f3 la cima de la tabla de goleadores del Clausura.<\/p>\n","protected":false},"author":56,"featured_media":11197,"comment_status":"closed","ping_status":"open","sticky":false,"template":"","format":"standard","meta":{"footnotes":""},"categories":[18],"tags":[454,157,156],"class_list":{"0":"post-11196","1":"post","2":"type-post","3":"status-publish","4":"format-standard","5":"has-post-thumbnail","7":"category-actualidad","8":"tag-actualidad","9":"tag-portada","10":"tag-universidad-de-chile"},"_links":{"self":[{"href":"http:\/\/www.rincondelbulla.cl\/portal\/wp-json\/wp\/v2\/posts\/11196","targetHints":{"allow":["GET"]}}],"collection":[{"href":"http:\/\/www.rincondelbulla.cl\/portal\/wp-json\/wp\/v2\/posts"}],"about":[{"href":"http:\/\/www.rincondelbulla.cl\/portal\/wp-json\/wp\/v2\/types\/post"}],"author":[{"embeddable":true,"href":"http:\/\/www.rincondelbulla.cl\/portal\/wp-json\/wp\/v2\/users\/56"}],"replies":[{"embeddable":true,"href":"http:\/\/www.rincondelbulla.cl\/portal\/wp-json\/wp\/v2\/comments?post=11196"}],"version-history":[{"count":1,"href":"http:\/\/www.rincondelbulla.cl\/portal\/wp-json\/wp\/v2\/posts\/11196\/revisions"}],"predecessor-version":[{"id":11198,"href":"http:\/\/www.rincondelbulla.cl\/portal\/wp-json\/wp\/v2\/posts\/11196\/revisions\/11198"}],"wp:featuredmedia":[{"embeddable":true,"href":"http:\/\/www.rincondelbulla.cl\/portal\/wp-json\/wp\/v2\/media\/11197"}],"wp:attachment":[{"href":"http:\/\/www.rincondelbulla.cl\/portal\/wp-json\/wp\/v2\/media?parent=11196"}],"wp:term":[{"taxonomy":"category","embeddable":true,"href":"http:\/\/www.rincondelbulla.cl\/portal\/wp-json\/wp\/v2\/categories?post=11196"},{"taxonomy":"post_tag","embeddable":true,"href":"http:\/\/www.rincondelbulla.cl\/portal\/wp-json\/wp\/v2\/tags?post=11196"}],"curies":[{"name":"wp","href":"https:\/\/api.w.org\/{rel}","templated":true}]}}