{"id":11200,"date":"2017-03-13T07:52:57","date_gmt":"2017-03-13T10:52:57","guid":{"rendered":"http:\/\/www.rincondelbulla.cl\/portal\/?p=11200"},"modified":"2017-03-13T07:52:57","modified_gmt":"2017-03-13T10:52:57","slug":"guillermo-hoyos-tenemos-tranquilidad-por-los-buenos-resultados","status":"publish","type":"post","link":"http:\/\/www.rincondelbulla.cl\/portal\/2017\/03\/13\/guillermo-hoyos-tenemos-tranquilidad-por-los-buenos-resultados\/","title":{"rendered":"Guillermo Hoyos: \u201cTenemos tranquilidad por los buenos resultados\u00bb"},"content":{"rendered":"<figure id=\"attachment_11201\" aria-describedby=\"caption-attachment-11201\" style=\"width: 2048px\" class=\"wp-caption alignnone\"><img loading=\"lazy\" decoding=\"async\" class=\"size-full wp-image-11201\" src=\"http:\/\/www.rincondelbulla.cl\/portal\/wp-content\/uploads\/2017\/03\/Guillermo-Hoyos.jpg\" alt=\"El DT destac\u00f3 el juego de sus dirigidos, se lo toma con tranquilidad y opin\u00f3 sobre la figura de Felipe Mora. Foto: Claudio C\u00e1ceres.\" width=\"2048\" height=\"1365\" srcset=\"http:\/\/www.rincondelbulla.cl\/portal\/wp-content\/uploads\/2017\/03\/Guillermo-Hoyos.jpg 2048w, http:\/\/www.rincondelbulla.cl\/portal\/wp-content\/uploads\/2017\/03\/Guillermo-Hoyos-300x200.jpg 300w, http:\/\/www.rincondelbulla.cl\/portal\/wp-content\/uploads\/2017\/03\/Guillermo-Hoyos-768x512.jpg 768w, http:\/\/www.rincondelbulla.cl\/portal\/wp-content\/uploads\/2017\/03\/Guillermo-Hoyos-1200x800.jpg 1200w, http:\/\/www.rincondelbulla.cl\/portal\/wp-content\/uploads\/2017\/03\/Guillermo-Hoyos-696x464.jpg 696w, http:\/\/www.rincondelbulla.cl\/portal\/wp-content\/uploads\/2017\/03\/Guillermo-Hoyos-1068x712.jpg 1068w, http:\/\/www.rincondelbulla.cl\/portal\/wp-content\/uploads\/2017\/03\/Guillermo-Hoyos-630x420.jpg 630w\" sizes=\"auto, (max-width: 2048px) 100vw, 2048px\" \/><figcaption id=\"caption-attachment-11201\" class=\"wp-caption-text\">El DT destac\u00f3 el juego de sus dirigidos, se lo toma con tranquilidad y opin\u00f3 sobre la figura de Felipe Mora. Foto: Claudio C\u00e1ceres.<\/figcaption><\/figure>\n<p><strong>El adiestrador azul realiz\u00f3 un an\u00e1lisis del triunfo de sus pupilos por 3-0 ante Audax Italiano en La Florida.<\/strong><!--more--><\/p>\n<p>Sonriente, tranquilo y saludando a\u00a0 todos en la sala de prensa. As\u00ed ingreso el t\u00e9cnico Guillermo Hoyos a su conferencia post partido. Y no pod\u00eda ser de otra forma. Su equipo logr\u00f3 abrochar su segundo triunfo consecutivo, logra escalar en la tabla de posiciones del Torneo Clausura y muestra una mejor fisonom\u00eda de juego.<\/p>\n<p><strong>\u201cAnduvimos muy bien, se gana mucho en confianza. Ahora tenemos tranquilidad por los buenos resultados\u00bb<\/strong><strong>, sintetiz\u00f3 Hoyos sus primeras palabras tras el triunfo.<\/strong><\/p>\n<p><strong>Con respecto a su an\u00e1lisis del partido, que evidencia una mejora futbol\u00edstica y los podr\u00eda hacer ilusionarse con un repunto que busque coronarse con un t\u00edtulo, el t\u00e9cnico indic\u00f3 que <\/strong><strong>\u201c<strong>estoy muy contento por la producci\u00f3n y por la alegr\u00eda que le dimos a los hinchas.\u00a0Estoy feliz por la demostraci\u00f3n de f\u00fatbol, creo que\u00a0fue una buena actuaci\u00f3n.<\/strong><\/strong> <strong>Es un triunfo importante ante un rival y una cancha dif\u00edcil\u201d.<\/strong><\/p>\n<p>Con Felipe Mora como figura, con sus cinco goles en os partidos tras tomar la titularidad luego de la partida de Gast\u00f3n Fern\u00e1ndez, la posibilidad de un llamado a la selecci\u00f3n chilena podr\u00eda comenzar a rondar. Al respecto, considerando su experiencia dirigiendo combinados nacionales, Guillermo Hoyos entreg\u00f3 su visi\u00f3n ante este escenario. <strong>\u201cLa decisi\u00f3n de llevarlo a la Selecci\u00f3n le compete a Juan Antonio Pizzi, pero realmente Felipe (Mora) es un jugador que va creciendo, se va desarrollando. Tiene un futuro enorme\u201d<\/strong><strong>, asegur\u00f3 el ex entrenador de la Selecci\u00f3n de Bolivia.<\/strong><\/p>\n","protected":false},"excerpt":{"rendered":"<p>El adiestrador azul realiz\u00f3 un an\u00e1lisis del triunfo de sus pupilos por 3-0 ante Audax Italiano en La Florida.<\/p>\n","protected":false},"author":21382,"featured_media":11158,"comment_status":"closed","ping_status":"open","sticky":false,"template":"","format":"standard","meta":{"footnotes":""},"categories":[18],"tags":[454,999,475,539,1006,583,1042,157,53,294,156],"class_list":{"0":"post-11200","1":"post","2":"type-post","3":"status-publish","4":"format-standard","5":"has-post-thumbnail","7":"category-actualidad","8":"tag-actualidad","9":"tag-angel-guillermo-hoyos","10":"tag-audax-italiano","11":"tag-felipe-mora","12":"tag-guillermo-hoyos","13":"tag-juan-antonio-pizzi","14":"tag-la-florida","15":"tag-portada","16":"tag-seleccion-chilena","17":"tag-u-de-chile","18":"tag-universidad-de-chile"},"_links":{"self":[{"href":"http:\/\/www.rincondelbulla.cl\/portal\/wp-json\/wp\/v2\/posts\/11200","targetHints":{"allow":["GET"]}}],"collection":[{"href":"http:\/\/www.rincondelbulla.cl\/portal\/wp-json\/wp\/v2\/posts"}],"about":[{"href":"http:\/\/www.rincondelbulla.cl\/portal\/wp-json\/wp\/v2\/types\/post"}],"author":[{"embeddable":true,"href":"http:\/\/www.rincondelbulla.cl\/portal\/wp-json\/wp\/v2\/users\/21382"}],"replies":[{"embeddable":true,"href":"http:\/\/www.rincondelbulla.cl\/portal\/wp-json\/wp\/v2\/comments?post=11200"}],"version-history":[{"count":1,"href":"http:\/\/www.rincondelbulla.cl\/portal\/wp-json\/wp\/v2\/posts\/11200\/revisions"}],"predecessor-version":[{"id":11202,"href":"http:\/\/www.rincondelbulla.cl\/portal\/wp-json\/wp\/v2\/posts\/11200\/revisions\/11202"}],"wp:featuredmedia":[{"embeddable":true,"href":"http:\/\/www.rincondelbulla.cl\/portal\/wp-json\/wp\/v2\/media\/11158"}],"wp:attachment":[{"href":"http:\/\/www.rincondelbulla.cl\/portal\/wp-json\/wp\/v2\/media?parent=11200"}],"wp:term":[{"taxonomy":"category","embeddable":true,"href":"http:\/\/www.rincondelbulla.cl\/portal\/wp-json\/wp\/v2\/categories?post=11200"},{"taxonomy":"post_tag","embeddable":true,"href":"http:\/\/www.rincondelbulla.cl\/portal\/wp-json\/wp\/v2\/tags?post=11200"}],"curies":[{"name":"wp","href":"https:\/\/api.w.org\/{rel}","templated":true}]}}