{"id":11259,"date":"2017-03-22T00:01:35","date_gmt":"2017-03-22T03:01:35","guid":{"rendered":"http:\/\/www.rincondelbulla.cl\/portal\/?p=11259"},"modified":"2017-03-22T00:06:42","modified_gmt":"2017-03-22T03:06:42","slug":"toda-la-info-de-las-entradas-para-el-u-de-conce-vs-universidad-de-chile","status":"publish","type":"post","link":"http:\/\/www.rincondelbulla.cl\/portal\/2017\/03\/22\/toda-la-info-de-las-entradas-para-el-u-de-conce-vs-universidad-de-chile\/","title":{"rendered":"Toda la info de las entradas para el U. de Conce vs. Universidad de Chile"},"content":{"rendered":"<p><img loading=\"lazy\" decoding=\"async\" class=\"alignright size-full wp-image-11126\" src=\"http:\/\/www.rincondelbulla.cl\/portal\/wp-content\/uploads\/2017\/02\/16508462_1070736626366039_7059538718042541149_n.jpg\" alt=\"\" width=\"960\" height=\"640\" srcset=\"http:\/\/www.rincondelbulla.cl\/portal\/wp-content\/uploads\/2017\/02\/16508462_1070736626366039_7059538718042541149_n.jpg 960w, http:\/\/www.rincondelbulla.cl\/portal\/wp-content\/uploads\/2017\/02\/16508462_1070736626366039_7059538718042541149_n-300x200.jpg 300w, http:\/\/www.rincondelbulla.cl\/portal\/wp-content\/uploads\/2017\/02\/16508462_1070736626366039_7059538718042541149_n-768x512.jpg 768w, http:\/\/www.rincondelbulla.cl\/portal\/wp-content\/uploads\/2017\/02\/16508462_1070736626366039_7059538718042541149_n-696x464.jpg 696w, http:\/\/www.rincondelbulla.cl\/portal\/wp-content\/uploads\/2017\/02\/16508462_1070736626366039_7059538718042541149_n-630x420.jpg 630w\" sizes=\"auto, (max-width: 960px) 100vw, 960px\" \/><\/p>\n<p><strong>Este martes el Club Deportivo Universidad de Concepci\u00f3n public\u00f3 la informaci\u00f3n sobre la venta de tickets para el partido entre el Campanil y la U en el sur. Habr\u00e1 tres puntos de venta.<\/strong><\/p>\n<p><!--more--><\/p>\n<p>Desde la pr\u00f3xima semana se habilitar\u00e1 la venta de entradas tanto para los locales como para los fan\u00e1ticos azules que quieran acompa\u00f1ar a la U.<\/p>\n<p>Los puntos de venta ser\u00e1n:<\/p>\n<ul>\n<li>Vega Monumental: Del 28 a 31 de marzo de 10 a 18:00 horas.<\/li>\n<li>Estadio Ester Roa:\u00a0Del 28 a 31 de marzo de 10 a 18:00 horas.<\/li>\n<li>CD UdeC (solo locales):\u00a0Del 28 a 31 de marzo de 10 a 18:00 horas.<\/li>\n<\/ul>\n<p>Los precios variar\u00e1n desde los $5.000 hasta los $30.000 de la siguiente forma:<\/p>\n<p><strong>Galer\u00eda Norte: $8.000 (S\u00f3lo hinchas U de Chile)<\/strong><br \/>\nGaler\u00eda Norte Ni\u00f1o: $5.000<br \/>\nGaler\u00eda Sur: $8.000<br \/>\nGaler\u00eda Sur Ni\u00f1o: $5.000<br \/>\nTribuna Andes Superior: $12.000<br \/>\nTribuna Andes Superior Ni\u00f1o: $5.000<br \/>\nTribuna Andes Inferior: $12.000<br \/>\nTribuna Andes Inferior Ni\u00f1o: $5.000<br \/>\nTribuna Pac\u00edfico Norte: $15.000<br \/>\nTribuna Pac\u00edfico Norte Ni\u00f1o: $5.000<br \/>\nTribuna Pac\u00edfico Sur: $8.000 (S\u00f3lo hinchas UdeC)<br \/>\nTribuna Pac\u00edfico Sur Ni\u00f1o: $5.000<br \/>\nVIP: 30.000<br \/>\nCabe se\u00f1alar que los ni\u00f1os menores de 2 a\u00f1os no pagan entradas. En tanto que los menores que midan hasta 1.20 metros cancelan entrada de $5.000.<br \/>\nPor \u00faltimo, destacar que las ubicaciones dentro del estadio ser\u00e1n las siguientes por hinchada.<br \/>\nZonas P\u00fablico<br \/>\n<strong>Galer\u00eda Norte : UdeChile<\/strong><br \/>\n<strong>Galer\u00eda Sur : General y UdeChile<\/strong><br \/>\n<strong>Tribuna Andes : General y UdeChile<\/strong><br \/>\nTribuna Pac\u00edfico: Universidad de Concepci\u00f3n<\/p>\n","protected":false},"excerpt":{"rendered":"<p>Este martes el Club Deportivo Universidad de Concepci\u00f3n public\u00f3 la informaci\u00f3n sobre la venta de tickets para el partido entre el Campanil y la U en el sur. Habr\u00e1 tres puntos de venta.<\/p>\n","protected":false},"author":21383,"featured_media":11261,"comment_status":"closed","ping_status":"open","sticky":false,"template":"","format":"standard","meta":{"footnotes":""},"categories":[18,20],"tags":[195,157,625,156],"class_list":{"0":"post-11259","1":"post","2":"type-post","3":"status-publish","4":"format-standard","5":"has-post-thumbnail","7":"category-actualidad","8":"category-avisos","9":"tag-entradas","10":"tag-portada","11":"tag-u-de-conce","12":"tag-universidad-de-chile"},"_links":{"self":[{"href":"http:\/\/www.rincondelbulla.cl\/portal\/wp-json\/wp\/v2\/posts\/11259","targetHints":{"allow":["GET"]}}],"collection":[{"href":"http:\/\/www.rincondelbulla.cl\/portal\/wp-json\/wp\/v2\/posts"}],"about":[{"href":"http:\/\/www.rincondelbulla.cl\/portal\/wp-json\/wp\/v2\/types\/post"}],"author":[{"embeddable":true,"href":"http:\/\/www.rincondelbulla.cl\/portal\/wp-json\/wp\/v2\/users\/21383"}],"replies":[{"embeddable":true,"href":"http:\/\/www.rincondelbulla.cl\/portal\/wp-json\/wp\/v2\/comments?post=11259"}],"version-history":[{"count":4,"href":"http:\/\/www.rincondelbulla.cl\/portal\/wp-json\/wp\/v2\/posts\/11259\/revisions"}],"predecessor-version":[{"id":11264,"href":"http:\/\/www.rincondelbulla.cl\/portal\/wp-json\/wp\/v2\/posts\/11259\/revisions\/11264"}],"wp:featuredmedia":[{"embeddable":true,"href":"http:\/\/www.rincondelbulla.cl\/portal\/wp-json\/wp\/v2\/media\/11261"}],"wp:attachment":[{"href":"http:\/\/www.rincondelbulla.cl\/portal\/wp-json\/wp\/v2\/media?parent=11259"}],"wp:term":[{"taxonomy":"category","embeddable":true,"href":"http:\/\/www.rincondelbulla.cl\/portal\/wp-json\/wp\/v2\/categories?post=11259"},{"taxonomy":"post_tag","embeddable":true,"href":"http:\/\/www.rincondelbulla.cl\/portal\/wp-json\/wp\/v2\/tags?post=11259"}],"curies":[{"name":"wp","href":"https:\/\/api.w.org\/{rel}","templated":true}]}}