{"id":11318,"date":"2017-04-04T11:15:12","date_gmt":"2017-04-04T14:15:12","guid":{"rendered":"http:\/\/www.rincondelbulla.cl\/portal\/?p=11318"},"modified":"2017-04-04T11:31:58","modified_gmt":"2017-04-04T14:31:58","slug":"falla-tecnica-retrasa-viaje-a-brasil","status":"publish","type":"post","link":"http:\/\/www.rincondelbulla.cl\/portal\/2017\/04\/04\/falla-tecnica-retrasa-viaje-a-brasil\/","title":{"rendered":"Falla t\u00e9cnica retrasa viaje a Brasil"},"content":{"rendered":"<figure id=\"attachment_11319\" aria-describedby=\"caption-attachment-11319\" style=\"width: 1024px\" class=\"wp-caption alignnone\"><img loading=\"lazy\" decoding=\"async\" class=\"size-full wp-image-11319\" src=\"http:\/\/www.rincondelbulla.cl\/portal\/wp-content\/uploads\/2017\/04\/Equipo.jpg\" alt=\"\" width=\"1024\" height=\"701\" srcset=\"http:\/\/www.rincondelbulla.cl\/portal\/wp-content\/uploads\/2017\/04\/Equipo.jpg 1024w, http:\/\/www.rincondelbulla.cl\/portal\/wp-content\/uploads\/2017\/04\/Equipo-300x205.jpg 300w, http:\/\/www.rincondelbulla.cl\/portal\/wp-content\/uploads\/2017\/04\/Equipo-768x526.jpg 768w, http:\/\/www.rincondelbulla.cl\/portal\/wp-content\/uploads\/2017\/04\/Equipo-218x150.jpg 218w, http:\/\/www.rincondelbulla.cl\/portal\/wp-content\/uploads\/2017\/04\/Equipo-696x476.jpg 696w, http:\/\/www.rincondelbulla.cl\/portal\/wp-content\/uploads\/2017\/04\/Equipo-614x420.jpg 614w\" sizes=\"auto, (max-width: 1024px) 100vw, 1024px\" \/><figcaption id=\"caption-attachment-11319\" class=\"wp-caption-text\">Los jugadores y resto de pasajeros debieron esperar una hora antes de tener que cambiar la aeronave. Foto: @gonzalo_quiroz &#8211; Radio Cooperativa<\/figcaption><\/figure>\n<p><strong>Un desperfecto en uno de los implementos del avi\u00f3n que traslada al plantel a Sao Paulo no ha permitido iniciar el viaje.<\/strong><!--more--><\/p>\n<p>Una falla en el computador central del avi\u00f3n que trasladar\u00eda a Universidad de Chile, y algunos hinchas, ser\u00eda la causa del retraso que present\u00f3 el vuelo, que estaba programado despegara a la 09:00 hrs., de este martes.<\/p>\n<p>Esta situaci\u00f3n oblig\u00f3 que los jugadores y resto de los pasajeros, tras permanecer una hora a la espera, debieran bajar de la aeronave, esperando que otro avi\u00f3n los traslade hasta tierras cariocas. Se espera que el nuevo vuelo despegue cerca de las 13.00 hrs.<\/p>\n<p>En conversaci\u00f3n con Radio Cooperativa, el gerente deportivo\u00a0Ronald Fuentes\u00a0asegur\u00f3 que \u00abe<strong>stamos con tranquilidad absoluta. Lo m\u00e1s importante es que estamos bien y no nos pas\u00f3 nada en el aire. Lo importante es llegar y llegar bien\u00bb<\/strong>, agregando que esta situaci\u00f3n significar\u00e1 un cambio en la planificaci\u00f3n inicial del equipo en Brasil.<\/p>\n<p>Universidad de Chile viaja a Brasil para enfrentar este mi\u00e9rcoles, desde las 21:45 hrs., al Corinthians, por Copa Conmebol Sudamericana.<\/p>\n","protected":false},"excerpt":{"rendered":"<p>Un desperfecto en uno de los implementos del avi\u00f3n que traslada al plantel a Sao Paulo no ha permitido iniciar el viaje.<\/p>\n","protected":false},"author":21382,"featured_media":11319,"comment_status":"closed","ping_status":"open","sticky":false,"template":"","format":"standard","meta":{"footnotes":""},"categories":[18],"tags":[454,1054,1038,1055,1046,1044,157,492,480,1056,294],"class_list":{"0":"post-11318","1":"post","2":"type-post","3":"status-publish","4":"format-standard","5":"has-post-thumbnail","7":"category-actualidad","8":"tag-actualidad","9":"tag-avion-universidad-de-chile","10":"tag-brasil","11":"tag-conmebol-sudamericana","12":"tag-copa","13":"tag-corinthians","14":"tag-portada","15":"tag-radio-cooperativa","16":"tag-ronald-fuentes","17":"tag-sao-paulo","18":"tag-u-de-chile"},"_links":{"self":[{"href":"http:\/\/www.rincondelbulla.cl\/portal\/wp-json\/wp\/v2\/posts\/11318","targetHints":{"allow":["GET"]}}],"collection":[{"href":"http:\/\/www.rincondelbulla.cl\/portal\/wp-json\/wp\/v2\/posts"}],"about":[{"href":"http:\/\/www.rincondelbulla.cl\/portal\/wp-json\/wp\/v2\/types\/post"}],"author":[{"embeddable":true,"href":"http:\/\/www.rincondelbulla.cl\/portal\/wp-json\/wp\/v2\/users\/21382"}],"replies":[{"embeddable":true,"href":"http:\/\/www.rincondelbulla.cl\/portal\/wp-json\/wp\/v2\/comments?post=11318"}],"version-history":[{"count":3,"href":"http:\/\/www.rincondelbulla.cl\/portal\/wp-json\/wp\/v2\/posts\/11318\/revisions"}],"predecessor-version":[{"id":11322,"href":"http:\/\/www.rincondelbulla.cl\/portal\/wp-json\/wp\/v2\/posts\/11318\/revisions\/11322"}],"wp:featuredmedia":[{"embeddable":true,"href":"http:\/\/www.rincondelbulla.cl\/portal\/wp-json\/wp\/v2\/media\/11319"}],"wp:attachment":[{"href":"http:\/\/www.rincondelbulla.cl\/portal\/wp-json\/wp\/v2\/media?parent=11318"}],"wp:term":[{"taxonomy":"category","embeddable":true,"href":"http:\/\/www.rincondelbulla.cl\/portal\/wp-json\/wp\/v2\/categories?post=11318"},{"taxonomy":"post_tag","embeddable":true,"href":"http:\/\/www.rincondelbulla.cl\/portal\/wp-json\/wp\/v2\/tags?post=11318"}],"curies":[{"name":"wp","href":"https:\/\/api.w.org\/{rel}","templated":true}]}}