{"id":11349,"date":"2017-04-06T02:20:15","date_gmt":"2017-04-06T05:20:15","guid":{"rendered":"http:\/\/www.rincondelbulla.cl\/portal\/?p=11349"},"modified":"2017-04-06T02:58:03","modified_gmt":"2017-04-06T05:58:03","slug":"relato-de-un-hincha-en-brasil","status":"publish","type":"post","link":"http:\/\/www.rincondelbulla.cl\/portal\/2017\/04\/06\/relato-de-un-hincha-en-brasil\/","title":{"rendered":"Relato de un hincha en Brasil"},"content":{"rendered":"<p><strong>Acorralados e reiteradamente apaleados por la polic\u00eda brasile\u00f1a, as\u00ed se vivi\u00f3 el encuentro entre la \u00abU\u00bb y Corinthians desde la galer\u00eda.<\/strong><!--more--><\/p>\n<figure id=\"attachment_11351\" aria-describedby=\"caption-attachment-11351\" style=\"width: 4200px\" class=\"wp-caption alignnone\"><img loading=\"lazy\" decoding=\"async\" class=\"size-full wp-image-11351\" src=\"http:\/\/www.rincondelbulla.cl\/portal\/wp-content\/uploads\/2017\/04\/PS_239088.jpg\" alt=\"\" width=\"4200\" height=\"2800\" srcset=\"http:\/\/www.rincondelbulla.cl\/portal\/wp-content\/uploads\/2017\/04\/PS_239088.jpg 4200w, http:\/\/www.rincondelbulla.cl\/portal\/wp-content\/uploads\/2017\/04\/PS_239088-300x200.jpg 300w, http:\/\/www.rincondelbulla.cl\/portal\/wp-content\/uploads\/2017\/04\/PS_239088-768x512.jpg 768w, http:\/\/www.rincondelbulla.cl\/portal\/wp-content\/uploads\/2017\/04\/PS_239088-1200x800.jpg 1200w, http:\/\/www.rincondelbulla.cl\/portal\/wp-content\/uploads\/2017\/04\/PS_239088-696x464.jpg 696w, http:\/\/www.rincondelbulla.cl\/portal\/wp-content\/uploads\/2017\/04\/PS_239088-1068x712.jpg 1068w, http:\/\/www.rincondelbulla.cl\/portal\/wp-content\/uploads\/2017\/04\/PS_239088-630x420.jpg 630w\" sizes=\"auto, (max-width: 4200px) 100vw, 4200px\" \/><figcaption id=\"caption-attachment-11351\" class=\"wp-caption-text\"><br \/>Fotoarena\/Photosport<\/figcaption><\/figure>\n<p>Viajar fuera de Chile a ver a la U nunca ha sido una seda, todos quienes algunas vez hayan salido del pa\u00eds sabemos de que se trata, pero lo de ayer en Brasil solo es comparable con lo que en alg\u00fan momento se vivi\u00f3 en River en el 96&#8242;.<\/p>\n<p>Desde las 17 horas\u00a0ya hab\u00edan varios azules en las cercan\u00edas\u00a0del Arena Corinthians, donde supuestamente se vender\u00edan las entradas dos horas antes. De eso nada, como buenos sudamericanos todo comenz\u00f3 m\u00e1s tarde de lo dispuesto.<\/p>\n<p>Ya en la fila \u00e9ramos muchos, avanzaba lento, pero avanzaba. Afuera algunos se tomaban una cerveza, otros cantaban, nada fuera de lo com\u00fan, pero se viv\u00eda un ambiente tenso por los retrasos y la poca informaci\u00f3n que se nos entregaba. Al momento de entrar al estadio se hac\u00eda de 5 en 5. No pod\u00edas entrar con una polera en la mano, pero si ten\u00edas una mochila si pod\u00edas hacerlo. Cosas que solo se le pueden ocurrir a un polic\u00eda.<\/p>\n<p>Ya en el interior, en la previa del partido cayeron algunos proyectiles desde los hinchas del Corinthians, los que volv\u00edan de vuelta. Ya en ese entonces la polic\u00eda entr\u00f3 a la galer\u00eda para pegar, no a controlar, a pegar. Incluso a quienes estaban sobre sus asientos, no hab\u00edan palabras solo golpes.<\/p>\n<p>Durante el primer tiempo la cosa se ve\u00eda m\u00e1s calmada, pero en el entretiempo se vivi\u00f3 lo peor. El estadio era algo similar a lo que es el Monumental, estaba bajo el nivel de la tierra. De la nada aparecieron unos 7 u 8 polic\u00edas y varios tuvieron que retroceder. De un momento a otro todo se convirti\u00f3 en golpes sin motivo aparente.<\/p>\n<p>Empezaron a acorralarnos, volvieron las agresiones, hubo un intento de defenderse sin mayor efectividad, volaron un par de sillas, mientras los hinchas del Corinthians alentaban a la polic\u00eda a agredirnos. La brutalidad con la que actuaban era indescriptible. Los golpes ca\u00edan al que pasara, mujeres, hombres, incluso a alg\u00fan ni\u00f1o. Todos est\u00e1bamos aplastados.<\/p>\n<p>El ensa\u00f1amiento de sed\u00f3 caer contra alguno que ped\u00eda calma, quienes fueron golpeados reiteradamente en el piso, incluso con palos en la cabeza. Era algo inimaginable.<\/p>\n<p>As\u00ed a muchos nos sacaron del estadio, en una aparente calma de la polic\u00eda que nos hac\u00eda un \u00abcallej\u00f3n oscuro\u00bb, donde pasabas y alg\u00fan palo te llevabas.<\/p>\n<p>Muchos nos perdimos de nuestros amigos, y solo nos pudimos reencontrar en las hostales. Otros tuvieron que ser trasladados a centros asistenciales con la cabeza rota, otros presos elegidos aleatoriamente por la polic\u00eda. Relato esto reci\u00e9n llegado a mi hospedaje, a\u00fan con las pulsaciones altas. Quedarse con lo que hablan por la Tv es gratuito, no lo vivieron, no lo vieron. Un viaje que no se borrar\u00e1 f\u00e1cil de nuestras memorias.<\/p>\n<p>&nbsp;<\/p>\n<p style=\"text-align: right;\">Relato an\u00f3nimo<\/p>\n<blockquote class=\"twitter-tweet\" data-lang=\"es\">\n<p dir=\"ltr\" lang=\"es\">Nada justifica el actuar de la polic\u00eda brasile\u00f1a con los hinchas de la U. Repetimos, nada lo justifica. <a href=\"https:\/\/t.co\/fqHRs23QY9\">pic.twitter.com\/fqHRs23QY9<\/a><\/p>\n<p>\u2014 Rinc\u00f3n del Bulla (@rincondelbulla) <a href=\"https:\/\/twitter.com\/rincondelbulla\/status\/849848032552243200\">6 de abril de 2017<\/a><\/p><\/blockquote>\n<p><script async src=\"\/\/platform.twitter.com\/widgets.js\" charset=\"utf-8\"><\/script><\/p>\n","protected":false},"excerpt":{"rendered":"<p>Acorralados e reiteradamente apaleados por la polic\u00eda brasile\u00f1a, as\u00ed se vivi\u00f3 el encuentro entre la \u00abU\u00bb y Corinthians desde la galer\u00eda.<\/p>\n","protected":false},"author":65,"featured_media":11351,"comment_status":"closed","ping_status":"open","sticky":false,"template":"","format":"standard","meta":{"footnotes":""},"categories":[18],"tags":[1044,1058,294],"class_list":{"0":"post-11349","1":"post","2":"type-post","3":"status-publish","4":"format-standard","5":"has-post-thumbnail","7":"category-actualidad","8":"tag-corinthians","9":"tag-policia","10":"tag-u-de-chile"},"_links":{"self":[{"href":"http:\/\/www.rincondelbulla.cl\/portal\/wp-json\/wp\/v2\/posts\/11349","targetHints":{"allow":["GET"]}}],"collection":[{"href":"http:\/\/www.rincondelbulla.cl\/portal\/wp-json\/wp\/v2\/posts"}],"about":[{"href":"http:\/\/www.rincondelbulla.cl\/portal\/wp-json\/wp\/v2\/types\/post"}],"author":[{"embeddable":true,"href":"http:\/\/www.rincondelbulla.cl\/portal\/wp-json\/wp\/v2\/users\/65"}],"replies":[{"embeddable":true,"href":"http:\/\/www.rincondelbulla.cl\/portal\/wp-json\/wp\/v2\/comments?post=11349"}],"version-history":[{"count":8,"href":"http:\/\/www.rincondelbulla.cl\/portal\/wp-json\/wp\/v2\/posts\/11349\/revisions"}],"predecessor-version":[{"id":11358,"href":"http:\/\/www.rincondelbulla.cl\/portal\/wp-json\/wp\/v2\/posts\/11349\/revisions\/11358"}],"wp:featuredmedia":[{"embeddable":true,"href":"http:\/\/www.rincondelbulla.cl\/portal\/wp-json\/wp\/v2\/media\/11351"}],"wp:attachment":[{"href":"http:\/\/www.rincondelbulla.cl\/portal\/wp-json\/wp\/v2\/media?parent=11349"}],"wp:term":[{"taxonomy":"category","embeddable":true,"href":"http:\/\/www.rincondelbulla.cl\/portal\/wp-json\/wp\/v2\/categories?post=11349"},{"taxonomy":"post_tag","embeddable":true,"href":"http:\/\/www.rincondelbulla.cl\/portal\/wp-json\/wp\/v2\/tags?post=11349"}],"curies":[{"name":"wp","href":"https:\/\/api.w.org\/{rel}","templated":true}]}}