{"id":11390,"date":"2017-04-10T12:09:14","date_gmt":"2017-04-10T15:09:14","guid":{"rendered":"http:\/\/www.rincondelbulla.cl\/portal\/?p=11390"},"modified":"2017-04-10T12:09:14","modified_gmt":"2017-04-10T15:09:14","slug":"felipe-mora-lo-unico-que-quiero-es-salir-campeon-con-la-u","status":"publish","type":"post","link":"http:\/\/www.rincondelbulla.cl\/portal\/2017\/04\/10\/felipe-mora-lo-unico-que-quiero-es-salir-campeon-con-la-u\/","title":{"rendered":"Felipe Mora: \u201cLo \u00fanico que quiero es salir campe\u00f3n con la \u2018U\u2019\u201d"},"content":{"rendered":"<p><img loading=\"lazy\" decoding=\"async\" class=\"alignnone size-full wp-image-11178\" src=\"http:\/\/www.rincondelbulla.cl\/portal\/wp-content\/uploads\/2017\/03\/Pos-Rinco\u0301n-1.jpg\" alt=\"\" width=\"900\" height=\"600\" srcset=\"http:\/\/www.rincondelbulla.cl\/portal\/wp-content\/uploads\/2017\/03\/Pos-Rinco\u0301n-1.jpg 900w, http:\/\/www.rincondelbulla.cl\/portal\/wp-content\/uploads\/2017\/03\/Pos-Rinco\u0301n-1-300x200.jpg 300w, http:\/\/www.rincondelbulla.cl\/portal\/wp-content\/uploads\/2017\/03\/Pos-Rinco\u0301n-1-768x512.jpg 768w, http:\/\/www.rincondelbulla.cl\/portal\/wp-content\/uploads\/2017\/03\/Pos-Rinco\u0301n-1-696x464.jpg 696w, http:\/\/www.rincondelbulla.cl\/portal\/wp-content\/uploads\/2017\/03\/Pos-Rinco\u0301n-1-630x420.jpg 630w\" sizes=\"auto, (max-width: 900px) 100vw, 900px\" \/><\/p>\n<p><strong>En entrevista con diario La Tercera, el actual goleador del Torneo Clausura, repas\u00f3 su desempe\u00f1o en el Supercl\u00e1sico, la titularidad y su futuro.<\/strong><!--more--><\/p>\n<p>Fue figura en el empate 2-2 del s\u00e1bado, donde asisti\u00f3 en la apertura de la cuenta y decret\u00f3 la ventaja moment\u00e1nea. Felipe Mora, delantero azul y goleador del presente campeonato, repas\u00f3 su presente con Diario La Tercera, entregando sus impresiones de lo que fue este Supercl\u00e1sico.<\/p>\n<p><strong>\u201cEstoy contento por mi desempe\u00f1o y por el accionar del equipo. Pero tambi\u00e9n hay un poco de tristeza, porque tendr\u00edamos que haber ganado\u201d,<\/strong> asegur\u00f3 mora, quien agreg\u00f3 que <strong>\u201cfue un partido extra\u00f1o. Se nos arranc\u00f3 al final, pero son detalles de los que tenemos que aprender para no volver a cometer los mismos errores\u201d.<\/strong><\/p>\n<p>Ya con el descanso tras un importante partido, el delantero record\u00f3 c\u00f3mo se gestaron los dos goles de la \u201cU\u201d, en los cuales particip\u00f3. <strong>\u201cVeo que la pelota me qued\u00f3 un poco abierta y s\u00f3lo atin\u00e9 a sacarme a Barroso\u201d,<\/strong> dijo sobre su asistencia en la primera conquista, <strong>\u201ctiro el centro y por suerte estaba el \u2018Conejo\u2019 Ubilla. Menos mal que todo result\u00f3 y estaba justo mi compa\u00f1ero para definir. De ah\u00ed, corrimos a celebrar y fue todo una locura\u201d.<\/strong><\/p>\n<p>Consultado sobre su gol, que se vio opacado por el error del portero Paulo Garc\u00e9s, Mora dice que se sorprendi\u00f3 al ver la pelota entrar. <strong>\u201cRecuerdo que cabeceo el centro de Schultz y no pens\u00e9 que ser\u00eda gol. Al rato me doy cuenta de que se le suelta a Garc\u00e9s y me volv\u00ed loco\u201d,<\/strong> asegura, al mismo tiempo que recuerda que <strong>\u201ccuando entr\u00f3 la pelota corr\u00ed hacia la barra para celebrar con mis compa\u00f1eros y con esa gente que siempre est\u00e1 con nosotros, que es realmente incondicional. Fue una felicidad enorme, inexplicable. Un gol demasiado importante para mi carrera\u201d.<\/strong><\/p>\n<p><strong>LA PARTIDA DE LA <\/strong><strong>\u201c<\/strong><strong>LA GATA\u201d: DE LA TITULARIDAD A SER GOLEADOR<\/strong><\/p>\n<p>La irrupci\u00f3n de Felipe Mora en este torneo tienen una fecha de inicio: la partida de Gast\u00f3n \u201cLa Gata\u201d Fern\u00e1ndez al Gremio de Brasil. Fue el ex Audax Italiano quien debi\u00f3 tomar la responsabilidad de ocupar ese puesto en el once titular de Guillermo Hoyos y realmente ha cumplido: Dos goles a Palestino, tres a su ex club, uno a Uni\u00f3n Espa\u00f1ola y otro este s\u00e1bado, lo tienen como m\u00e1ximo anotador del Clausura.<\/p>\n<p>Sobre si la partida de \u201cLa Gata\u201d le favoreci\u00f3, Mora cree que no. Es m\u00e1s, asegura que <strong>\u201ccuando estuve afuera del equipo sab\u00eda que ten\u00eda que trabajar el doble para volver a recuperar la titularidad. En eso siempre estuve enfocado. Por suerte se pudo dar y estoy de vuelta con mucha confianza\u201d.<\/strong><\/p>\n<p>Resalta a dem\u00e1s lo importante que ha sido la confianza que el t\u00e9cnico Hoyos le ha entrado. <strong>\u201cMe ha dado mucha confianza y la verdad es que me siento muy bien en el equipo. Creo que estoy haciendo las cosas bien, y los goles me est\u00e1n acompa\u00f1ando\u201d.<\/strong> Tambi\u00e9n destaca el trabajo de sus compa\u00f1eros, quienes han contribuido en su buen momento. \u00a0<strong>\u201cSomos un equipo que est\u00e1 en alza y se est\u00e1 notando\u201d,<\/strong> asegur\u00f3.<\/p>\n<p>Sobre si al interior del plantel siguen creyendo en la posibilidad de ser campeones, Felipe Mora no baja los brazos y dice que seguir\u00e1n luchando. \u00a0<strong>\u201cL\u00f3gico que seguimos con esa idea. El campeonato est\u00e1 ah\u00ed, y nadie tiene nada asegurado. Vamos a pelear hasta el final para poder cumplir el sue\u00f1o de ser campe\u00f3n\u201d.<\/strong><\/p>\n<p>Finalmente, consultado por la posibilidad de abandonar Universidad de Chile, con M\u00e9xico como principal destino, Mora sale al paso de eses rumores.<strong> \u201cTengo la cabeza puesta en la U, en nada m\u00e1s. Lo \u00fanico que quiero es salir campe\u00f3n con la U, y no pienso en otra cosa que sea eso. Seguir\u00e9 trabajando para darle alegr\u00eda a toda la gente\u201d, <\/strong>sentenci\u00f3.<\/p>\n","protected":false},"excerpt":{"rendered":"<p>En entrevista con diario La Tercera, el actual goleador del Torneo Clausura, repas\u00f3 su desempe\u00f1o en el Supercl\u00e1sico, la titularidad y su futuro.<\/p>\n","protected":false},"author":21382,"featured_media":11257,"comment_status":"closed","ping_status":"open","sticky":false,"template":"","format":"standard","meta":{"footnotes":""},"categories":[18],"tags":[454,475,1063,746,782,1006,457,115,157,118,44,294,470,156],"class_list":{"0":"post-11390","1":"post","2":"type-post","3":"status-publish","4":"format-standard","5":"has-post-thumbnail","7":"category-actualidad","8":"tag-actualidad","9":"tag-audax-italiano","10":"tag-felnipe-mora","11":"tag-franz-schultz","12":"tag-gaston-fernandez","13":"tag-guillermo-hoyos","14":"tag-palestino","15":"tag-paulo-garces","16":"tag-portada","17":"tag-sebastian-ubilla","18":"tag-superclasico","20":"tag-union-espanola","21":"tag-universidad-de-chile"},"_links":{"self":[{"href":"http:\/\/www.rincondelbulla.cl\/portal\/wp-json\/wp\/v2\/posts\/11390","targetHints":{"allow":["GET"]}}],"collection":[{"href":"http:\/\/www.rincondelbulla.cl\/portal\/wp-json\/wp\/v2\/posts"}],"about":[{"href":"http:\/\/www.rincondelbulla.cl\/portal\/wp-json\/wp\/v2\/types\/post"}],"author":[{"embeddable":true,"href":"http:\/\/www.rincondelbulla.cl\/portal\/wp-json\/wp\/v2\/users\/21382"}],"replies":[{"embeddable":true,"href":"http:\/\/www.rincondelbulla.cl\/portal\/wp-json\/wp\/v2\/comments?post=11390"}],"version-history":[{"count":1,"href":"http:\/\/www.rincondelbulla.cl\/portal\/wp-json\/wp\/v2\/posts\/11390\/revisions"}],"predecessor-version":[{"id":11391,"href":"http:\/\/www.rincondelbulla.cl\/portal\/wp-json\/wp\/v2\/posts\/11390\/revisions\/11391"}],"wp:featuredmedia":[{"embeddable":true,"href":"http:\/\/www.rincondelbulla.cl\/portal\/wp-json\/wp\/v2\/media\/11257"}],"wp:attachment":[{"href":"http:\/\/www.rincondelbulla.cl\/portal\/wp-json\/wp\/v2\/media?parent=11390"}],"wp:term":[{"taxonomy":"category","embeddable":true,"href":"http:\/\/www.rincondelbulla.cl\/portal\/wp-json\/wp\/v2\/categories?post=11390"},{"taxonomy":"post_tag","embeddable":true,"href":"http:\/\/www.rincondelbulla.cl\/portal\/wp-json\/wp\/v2\/tags?post=11390"}],"curies":[{"name":"wp","href":"https:\/\/api.w.org\/{rel}","templated":true}]}}