{"id":11396,"date":"2017-04-11T07:27:19","date_gmt":"2017-04-11T10:27:19","guid":{"rendered":"http:\/\/www.rincondelbulla.cl\/portal\/?p=11396"},"modified":"2017-04-11T07:27:19","modified_gmt":"2017-04-11T10:27:19","slug":"martin-lasarte-llego-el-momento-que-la-u-pelee-por-lo-que-tiene-que-pelear-siempre","status":"publish","type":"post","link":"http:\/\/www.rincondelbulla.cl\/portal\/2017\/04\/11\/martin-lasarte-llego-el-momento-que-la-u-pelee-por-lo-que-tiene-que-pelear-siempre\/","title":{"rendered":"Mart\u00edn Lasarte: \u201cLleg\u00f3 el momento que la \u201cU\u201d pelee por lo que tiene que pelear siempre\u201d"},"content":{"rendered":"<p><img loading=\"lazy\" decoding=\"async\" class=\"size-full wp-image-5998\" src=\"http:\/\/www.rincondelbulla.cl\/portal\/wp-content\/uploads\/2014\/11\/martin10.jpg\" alt=\"\" width=\"1100\" height=\"700\" srcset=\"http:\/\/www.rincondelbulla.cl\/portal\/wp-content\/uploads\/2014\/11\/martin10.jpg 1100w, http:\/\/www.rincondelbulla.cl\/portal\/wp-content\/uploads\/2014\/11\/martin10-300x191.jpg 300w, http:\/\/www.rincondelbulla.cl\/portal\/wp-content\/uploads\/2014\/11\/martin10-768x489.jpg 768w, http:\/\/www.rincondelbulla.cl\/portal\/wp-content\/uploads\/2014\/11\/martin10-696x443.jpg 696w, http:\/\/www.rincondelbulla.cl\/portal\/wp-content\/uploads\/2014\/11\/martin10-1068x680.jpg 1068w, http:\/\/www.rincondelbulla.cl\/portal\/wp-content\/uploads\/2014\/11\/martin10-660x420.jpg 660w\" sizes=\"auto, (max-width: 1100px) 100vw, 1100px\" \/><\/p>\n<p><strong>El ex t\u00e9cnico azul alab\u00f3 el actual momento de los dirigidos de Guillermo Hoyos, asegur\u00f3 que mantiene el contacto con algunos jugadores y agradeci\u00f3 las palabras de elogios de uno de sus ex pupilos.<\/strong><!--more--><\/p>\n<p>El DT uruguayo, actualmente en Nacional de Uruguay y con quien la \u201cU\u201d levant\u00f3 sus \u00faltimos dos t\u00edtulos (Apertura 2014 y Copa Chile 2015) indic\u00f3 en conversaci\u00f3n con Al Aire Libre de Radio Cooperativa, que lleg\u00f3 el momento en que los azules vuelvan a levantar trofeos, lo que se demuestra en el alza futbol\u00edstica que actualmente atraviesan.<\/p>\n<p><strong>\u00abSeguramente cada d\u00eda est\u00e1n mejor y creen m\u00e1s en el objetivo grupal, en las pautas que los entrenadores y cuerpo t\u00e9cnico les plantean. Ojal\u00e1 que a corto plazo se pueda ver un resultado como objetivo finalizado porque est\u00e1 claro que en un equipo de estas caracter\u00edsticas se juega para levantar una copa\u00bb<\/strong>, dijo Lasarte sobre el presente de su ex club.<\/p>\n<p>Agreg\u00f3 que no es necesario ser experto para darse cuenta en el repunte del juego de los universitarios, lo que se refleja en el buen \u00e1nimo de los jugadores, con quienes a\u00fan mantienen contacto. <strong>\u00abLa buena sensaci\u00f3n que los futbolistas tienen me alegra mucho, pero esto no cambia de un d\u00eda para otro, es paulatino\u00bb.<\/strong><\/p>\n<p>El DT se mostr\u00f3 confiado en que esta repunta traer\u00e1 frutos, esos que el propio plantel y los hinchas esperan. <strong>\u201cEst\u00e1 claro que lleg\u00f3 el momento para que la \u201cU\u201d otra vez pelee por lo que tiene que pelear siempre. Ya pas\u00f3 el momento de la tormenta\u00bb<\/strong>, asever\u00f3 Lasarte.<\/p>\n<p>Uno que tuvo palabras de alabo y agradecimiento para Mart\u00edn Lasarte fue Gonzalo Espinoza, quien hizo una comparaci\u00f3n entre el trabajo grupal del charr\u00faa con el que comienza a evidenciar Guillermo Hoyos en la actualidad.<\/p>\n<p>El uruguayo valor\u00f3 estos reconocimientos e indic\u00f3 que <strong>\u00abcomo en alg\u00fan momento fueron otros, hoy es Gonzalo el que destaca que esa situaci\u00f3n le parece importante y es algo que me congratula mucho (\u2026) no deja de ser un orgullo que los futbolistas se refieran a esta situaci\u00f3n como un hecho positivo. Uno trata siempre de marcarle al jugador la importancia del rol colectivo que este deporte tiene. Juegan 11, siete esperan y otros siete se quedan en la tribuna\u00bb<\/strong>.<\/p>\n<p>Consultado c\u00f3mo se trabaja para poder darle este tipo de confianza a un plantel tan numeroso, Lasarte dijo que <strong>\u00abhay una sola manera de llevarlo adelante. Focalizar en ese solo objetivo tomando la particularidad de cada futbolista, cu\u00e1l es su af\u00e1n, cu\u00e1l es su momento, hacia donde apunta, pero siempre en la b\u00fasqueda del reto colectivo\u201d<\/strong>.<\/p>\n","protected":false},"excerpt":{"rendered":"<p>El ex t\u00e9cnico azul alab\u00f3 el actual momento de los dirigidos de Guillermo Hoyos, asegur\u00f3 que mantiene el contacto con algunos jugadores y agradeci\u00f3 las palabras de elogios de uno de sus ex pupilos.<\/p>\n","protected":false},"author":21382,"featured_media":7735,"comment_status":"closed","ping_status":"open","sticky":false,"template":"","format":"standard","meta":{"footnotes":""},"categories":[18],"tags":[454,1064,261,1006,224,157,492,294,156],"class_list":{"0":"post-11396","1":"post","2":"type-post","3":"status-publish","4":"format-standard","5":"has-post-thumbnail","7":"category-actualidad","8":"tag-actualidad","9":"tag-al-aire-libre","10":"tag-gonzalo-espinoza","11":"tag-guillermo-hoyos","12":"tag-martin-lasarte","13":"tag-portada","14":"tag-radio-cooperativa","15":"tag-u-de-chile","16":"tag-universidad-de-chile"},"_links":{"self":[{"href":"http:\/\/www.rincondelbulla.cl\/portal\/wp-json\/wp\/v2\/posts\/11396","targetHints":{"allow":["GET"]}}],"collection":[{"href":"http:\/\/www.rincondelbulla.cl\/portal\/wp-json\/wp\/v2\/posts"}],"about":[{"href":"http:\/\/www.rincondelbulla.cl\/portal\/wp-json\/wp\/v2\/types\/post"}],"author":[{"embeddable":true,"href":"http:\/\/www.rincondelbulla.cl\/portal\/wp-json\/wp\/v2\/users\/21382"}],"replies":[{"embeddable":true,"href":"http:\/\/www.rincondelbulla.cl\/portal\/wp-json\/wp\/v2\/comments?post=11396"}],"version-history":[{"count":1,"href":"http:\/\/www.rincondelbulla.cl\/portal\/wp-json\/wp\/v2\/posts\/11396\/revisions"}],"predecessor-version":[{"id":11397,"href":"http:\/\/www.rincondelbulla.cl\/portal\/wp-json\/wp\/v2\/posts\/11396\/revisions\/11397"}],"wp:featuredmedia":[{"embeddable":true,"href":"http:\/\/www.rincondelbulla.cl\/portal\/wp-json\/wp\/v2\/media\/7735"}],"wp:attachment":[{"href":"http:\/\/www.rincondelbulla.cl\/portal\/wp-json\/wp\/v2\/media?parent=11396"}],"wp:term":[{"taxonomy":"category","embeddable":true,"href":"http:\/\/www.rincondelbulla.cl\/portal\/wp-json\/wp\/v2\/categories?post=11396"},{"taxonomy":"post_tag","embeddable":true,"href":"http:\/\/www.rincondelbulla.cl\/portal\/wp-json\/wp\/v2\/tags?post=11396"}],"curies":[{"name":"wp","href":"https:\/\/api.w.org\/{rel}","templated":true}]}}