{"id":11404,"date":"2017-04-12T11:57:16","date_gmt":"2017-04-12T14:57:16","guid":{"rendered":"http:\/\/www.rincondelbulla.cl\/portal\/?p=11404"},"modified":"2017-04-12T11:58:43","modified_gmt":"2017-04-12T14:58:43","slug":"monzon-y-espinoza-podrian-dejar-la-u","status":"publish","type":"post","link":"http:\/\/www.rincondelbulla.cl\/portal\/2017\/04\/12\/monzon-y-espinoza-podrian-dejar-la-u\/","title":{"rendered":"Monz\u00f3n y Espinoza podr\u00edan dejar la \u201cU\u201d"},"content":{"rendered":"<figure id=\"attachment_9622\" aria-describedby=\"caption-attachment-9622\" style=\"width: 960px\" class=\"wp-caption alignnone\"><img loading=\"lazy\" decoding=\"async\" class=\"size-full wp-image-9622\" src=\"http:\/\/www.rincondelbulla.cl\/portal\/wp-content\/uploads\/2016\/04\/Fabian_Monzon.jpg\" alt=\"\" width=\"960\" height=\"741\" srcset=\"http:\/\/www.rincondelbulla.cl\/portal\/wp-content\/uploads\/2016\/04\/Fabian_Monzon.jpg 960w, http:\/\/www.rincondelbulla.cl\/portal\/wp-content\/uploads\/2016\/04\/Fabian_Monzon-300x232.jpg 300w, http:\/\/www.rincondelbulla.cl\/portal\/wp-content\/uploads\/2016\/04\/Fabian_Monzon-768x593.jpg 768w, http:\/\/www.rincondelbulla.cl\/portal\/wp-content\/uploads\/2016\/04\/Fabian_Monzon-696x537.jpg 696w, http:\/\/www.rincondelbulla.cl\/portal\/wp-content\/uploads\/2016\/04\/Fabian_Monzon-544x420.jpg 544w\" sizes=\"auto, (max-width: 960px) 100vw, 960px\" \/><figcaption id=\"caption-attachment-9622\" class=\"wp-caption-text\">Foto: www.udechile.cl<\/figcaption><\/figure>\n<p><strong>Una petici\u00f3n expresa de la concesionaria y problemas econ\u00f3micos ser\u00edan las causas que alejar\u00edan a ambos jugadores del CDA.<\/strong><!--more--><\/p>\n<p>A\u00fan restan seis fechas para el final del Torneo Clausura 2016-2017, y ya comienzan a rondar posibles nombres de quienes podr\u00edan dejar Universidad de Chile. Uno de ellos es el de Fabi\u00e1n Monz\u00f3n, quien ha estado alejado de las canchas por una lesi\u00f3n, pero ya estar\u00eda a disposici\u00f3n del t\u00e9cnico Guillermo Hoyos.<\/p>\n<p>Seg\u00fan inform\u00f3 diario El Mercurio, la comisi\u00f3n de f\u00fatbol de Azul Azul habr\u00eda decidido, la noche de este martes, la partida del ex Boca Juniors. Esto para liberar un cupo de extranjero y pavimentar el retorno de un conocido del CDA: Ricardo Guzm\u00e1n Pereira, quien termina su pr\u00e9stamo en Pe\u00f1arol.<\/p>\n<p>El problema para la concesionaria ser\u00eda el alto precio que deber\u00edan pagar para prescindir de Monz\u00f3n, ya que a\u00fan le resta un a\u00f1o de contrato.<\/p>\n<p><strong>NO HAY CAJA<\/strong><\/p>\n<p>El otro que podr\u00eda dejar la escuadra azul ser\u00eda Gonzalo Espinoza. Si bien se ha transformado en una de las actuales figuras del plantel, tras su regreso, los problemas econ\u00f3micos que pasa el club podr\u00eda sentenciar su salida.<\/p>\n<p>Conocido es el amor por la camiseta que profesa Espinoza, por lo que ya el jugador estar\u00eda buscando la forma de acomodar su sueldo a la actual condici\u00f3n que pasa el club. Sin embargo, desde Azul Azul habr\u00edan indicado que la \u00fanica forma que esto sea posible es que el \u201cBulldog\u201d acceda a rebajar su remuneraci\u00f3n.<\/p>\n","protected":false},"excerpt":{"rendered":"<p>Una petici\u00f3n expresa de la concesionaria y problemas econ\u00f3micos ser\u00edan las causas que alejar\u00edan a ambos jugadores del CDA.<\/p>\n","protected":false},"author":21382,"featured_media":11295,"comment_status":"closed","ping_status":"open","sticky":false,"template":"","format":"standard","meta":{"footnotes":""},"categories":[18],"tags":[454,174,833,555,261,1006,248,157,1005,294,156],"class_list":{"0":"post-11404","1":"post","2":"type-post","3":"status-publish","4":"format-standard","5":"has-post-thumbnail","7":"category-actualidad","8":"tag-actualidad","9":"tag-azul-azul","10":"tag-el-mercurio","11":"tag-fabian-monzon","12":"tag-gonzalo-espinoza","13":"tag-guillermo-hoyos","14":"tag-guzman-pereria","15":"tag-portada","16":"tag-torneo-clausura-2016-2017","17":"tag-u-de-chile","18":"tag-universidad-de-chile"},"_links":{"self":[{"href":"http:\/\/www.rincondelbulla.cl\/portal\/wp-json\/wp\/v2\/posts\/11404","targetHints":{"allow":["GET"]}}],"collection":[{"href":"http:\/\/www.rincondelbulla.cl\/portal\/wp-json\/wp\/v2\/posts"}],"about":[{"href":"http:\/\/www.rincondelbulla.cl\/portal\/wp-json\/wp\/v2\/types\/post"}],"author":[{"embeddable":true,"href":"http:\/\/www.rincondelbulla.cl\/portal\/wp-json\/wp\/v2\/users\/21382"}],"replies":[{"embeddable":true,"href":"http:\/\/www.rincondelbulla.cl\/portal\/wp-json\/wp\/v2\/comments?post=11404"}],"version-history":[{"count":2,"href":"http:\/\/www.rincondelbulla.cl\/portal\/wp-json\/wp\/v2\/posts\/11404\/revisions"}],"predecessor-version":[{"id":11406,"href":"http:\/\/www.rincondelbulla.cl\/portal\/wp-json\/wp\/v2\/posts\/11404\/revisions\/11406"}],"wp:featuredmedia":[{"embeddable":true,"href":"http:\/\/www.rincondelbulla.cl\/portal\/wp-json\/wp\/v2\/media\/11295"}],"wp:attachment":[{"href":"http:\/\/www.rincondelbulla.cl\/portal\/wp-json\/wp\/v2\/media?parent=11404"}],"wp:term":[{"taxonomy":"category","embeddable":true,"href":"http:\/\/www.rincondelbulla.cl\/portal\/wp-json\/wp\/v2\/categories?post=11404"},{"taxonomy":"post_tag","embeddable":true,"href":"http:\/\/www.rincondelbulla.cl\/portal\/wp-json\/wp\/v2\/tags?post=11404"}],"curies":[{"name":"wp","href":"https:\/\/api.w.org\/{rel}","templated":true}]}}