{"id":11410,"date":"2017-04-14T19:26:00","date_gmt":"2017-04-14T22:26:00","guid":{"rendered":"http:\/\/www.rincondelbulla.cl\/portal\/?p=11410"},"modified":"2017-04-14T19:26:00","modified_gmt":"2017-04-14T22:26:00","slug":"exitosa-participacion-de-la-asociacion-de-hinchas-azules-en-el-congreso","status":"publish","type":"post","link":"http:\/\/www.rincondelbulla.cl\/portal\/2017\/04\/14\/exitosa-participacion-de-la-asociacion-de-hinchas-azules-en-el-congreso\/","title":{"rendered":"Exitosa participaci\u00f3n de la Asociaci\u00f3n de Hinchas Azules en el Congreso"},"content":{"rendered":"<figure id=\"attachment_11411\" aria-describedby=\"caption-attachment-11411\" style=\"width: 1280px\" class=\"wp-caption aligncenter\"><img loading=\"lazy\" decoding=\"async\" class=\"size-full wp-image-11411\" src=\"http:\/\/www.rincondelbulla.cl\/portal\/wp-content\/uploads\/2017\/04\/WhatsApp-Image-2017-04-13-at-21.06.17.jpeg\" alt=\"\" width=\"1280\" height=\"960\" srcset=\"http:\/\/www.rincondelbulla.cl\/portal\/wp-content\/uploads\/2017\/04\/WhatsApp-Image-2017-04-13-at-21.06.17.jpeg 1280w, http:\/\/www.rincondelbulla.cl\/portal\/wp-content\/uploads\/2017\/04\/WhatsApp-Image-2017-04-13-at-21.06.17-300x225.jpeg 300w, http:\/\/www.rincondelbulla.cl\/portal\/wp-content\/uploads\/2017\/04\/WhatsApp-Image-2017-04-13-at-21.06.17-768x576.jpeg 768w, http:\/\/www.rincondelbulla.cl\/portal\/wp-content\/uploads\/2017\/04\/WhatsApp-Image-2017-04-13-at-21.06.17-1200x900.jpeg 1200w, http:\/\/www.rincondelbulla.cl\/portal\/wp-content\/uploads\/2017\/04\/WhatsApp-Image-2017-04-13-at-21.06.17-80x60.jpeg 80w, http:\/\/www.rincondelbulla.cl\/portal\/wp-content\/uploads\/2017\/04\/WhatsApp-Image-2017-04-13-at-21.06.17-265x198.jpeg 265w, http:\/\/www.rincondelbulla.cl\/portal\/wp-content\/uploads\/2017\/04\/WhatsApp-Image-2017-04-13-at-21.06.17-696x522.jpeg 696w, http:\/\/www.rincondelbulla.cl\/portal\/wp-content\/uploads\/2017\/04\/WhatsApp-Image-2017-04-13-at-21.06.17-1068x801.jpeg 1068w, http:\/\/www.rincondelbulla.cl\/portal\/wp-content\/uploads\/2017\/04\/WhatsApp-Image-2017-04-13-at-21.06.17-560x420.jpeg 560w\" sizes=\"auto, (max-width: 1280px) 100vw, 1280px\" \/><figcaption id=\"caption-attachment-11411\" class=\"wp-caption-text\">Juan Gimeno y Andy Zepeda, vicepresidente y presidente respectivamente de la Asosiaci\u00f3n de Hinchas Azules, en las afueras del Congreso.<\/figcaption><\/figure>\n<p><strong>Miembros\u00a0de la Asociaci\u00f3n de Hinchas Azules (AHA) participaron como invitados en la sesi\u00f3n de la Comisi\u00f3n de Deportes del Congreso para entregar su opini\u00f3n acerca del proyecto de ley\u00a0sobre las S.A. que pretende entregarle mayor participaci\u00f3n a los socios de antiguas corporaciones.<\/strong><\/p>\n<p><!--more--><\/p>\n<p>Ante los diputados Marcelo Schilling, Alberto Robles, Osvaldo Urrutia y Mat\u00edas Walker los fan\u00e1ticos de la U expusieron sus propuestas\u00a0con el fin de perfeccionar el proyecto de ley 20.019.<\/p>\n<p>Parte de las sugerencias fueron estas:<\/p>\n<ul>\n<li>Eliminar una norma transitoria que mantiene en suspensi\u00f3n de actividades a la CORFUCH mientras dure la concesi\u00f3n de Azul Azul.<\/li>\n<li>Incorporar la participaci\u00f3n efectiva de la comunidad deportiva en el directorio de la sociedades an\u00f3nimas deportivas que administrar los clubes a trav\u00e9s de cupos.<\/li>\n<\/ul>\n<p>Juan Gimeno, vicepresidente de la Asociaci\u00f3n de Hinchas Azules se\u00f1al\u00f3 a Rincon del Bulla: <strong>\u00abEn general fueron bien recibidas nuestras observaciones y sugerencias, con notorio inter\u00e9s de algunos parlamentarios presentes. Qued\u00f3 abierta la posibilidad de trabajar en conjunto para incluir nuestras consideraciones en el proyecto\u00bb.<\/strong><\/p>\n<p>&nbsp;<\/p>\n","protected":false},"excerpt":{"rendered":"<p>Miembros\u00a0de la Asociaci\u00f3n de Hinchas Azules (AHA) participaron como invitados en la sesi\u00f3n de la Comisi\u00f3n de Deportes del Congreso para entregar su opini\u00f3n acerca del proyecto de ley\u00a0sobre las S.A. que pretende entregarle mayor participaci\u00f3n a los socios de antiguas corporaciones.<\/p>\n","protected":false},"author":21383,"featured_media":10703,"comment_status":"closed","ping_status":"open","sticky":false,"template":"","format":"standard","meta":{"footnotes":""},"categories":[18,20],"tags":[],"class_list":{"0":"post-11410","1":"post","2":"type-post","3":"status-publish","4":"format-standard","5":"has-post-thumbnail","7":"category-actualidad","8":"category-avisos"},"_links":{"self":[{"href":"http:\/\/www.rincondelbulla.cl\/portal\/wp-json\/wp\/v2\/posts\/11410","targetHints":{"allow":["GET"]}}],"collection":[{"href":"http:\/\/www.rincondelbulla.cl\/portal\/wp-json\/wp\/v2\/posts"}],"about":[{"href":"http:\/\/www.rincondelbulla.cl\/portal\/wp-json\/wp\/v2\/types\/post"}],"author":[{"embeddable":true,"href":"http:\/\/www.rincondelbulla.cl\/portal\/wp-json\/wp\/v2\/users\/21383"}],"replies":[{"embeddable":true,"href":"http:\/\/www.rincondelbulla.cl\/portal\/wp-json\/wp\/v2\/comments?post=11410"}],"version-history":[{"count":4,"href":"http:\/\/www.rincondelbulla.cl\/portal\/wp-json\/wp\/v2\/posts\/11410\/revisions"}],"predecessor-version":[{"id":11416,"href":"http:\/\/www.rincondelbulla.cl\/portal\/wp-json\/wp\/v2\/posts\/11410\/revisions\/11416"}],"wp:featuredmedia":[{"embeddable":true,"href":"http:\/\/www.rincondelbulla.cl\/portal\/wp-json\/wp\/v2\/media\/10703"}],"wp:attachment":[{"href":"http:\/\/www.rincondelbulla.cl\/portal\/wp-json\/wp\/v2\/media?parent=11410"}],"wp:term":[{"taxonomy":"category","embeddable":true,"href":"http:\/\/www.rincondelbulla.cl\/portal\/wp-json\/wp\/v2\/categories?post=11410"},{"taxonomy":"post_tag","embeddable":true,"href":"http:\/\/www.rincondelbulla.cl\/portal\/wp-json\/wp\/v2\/tags?post=11410"}],"curies":[{"name":"wp","href":"https:\/\/api.w.org\/{rel}","templated":true}]}}