{"id":11417,"date":"2017-04-15T17:57:58","date_gmt":"2017-04-15T20:57:58","guid":{"rendered":"http:\/\/www.rincondelbulla.cl\/portal\/?p=11417"},"modified":"2017-04-15T18:02:36","modified_gmt":"2017-04-15T21:02:36","slug":"la-u-va-por-su-domingo-de-resurreccion-en-el-norte","status":"publish","type":"post","link":"http:\/\/www.rincondelbulla.cl\/portal\/2017\/04\/15\/la-u-va-por-su-domingo-de-resurreccion-en-el-norte\/","title":{"rendered":"La Previa: La U va por su Domingo de Resurrecci\u00f3n en el norte"},"content":{"rendered":"<figure id=\"attachment_11383\" aria-describedby=\"caption-attachment-11383\" style=\"width: 2000px\" class=\"wp-caption aligncenter\"><img loading=\"lazy\" decoding=\"async\" class=\"size-full wp-image-11383\" src=\"http:\/\/www.rincondelbulla.cl\/portal\/wp-content\/uploads\/2017\/04\/17855096_10211306886481432_8628839365026105036_o.jpg\" alt=\"\" width=\"2000\" height=\"1333\" srcset=\"http:\/\/www.rincondelbulla.cl\/portal\/wp-content\/uploads\/2017\/04\/17855096_10211306886481432_8628839365026105036_o.jpg 2000w, http:\/\/www.rincondelbulla.cl\/portal\/wp-content\/uploads\/2017\/04\/17855096_10211306886481432_8628839365026105036_o-300x200.jpg 300w, http:\/\/www.rincondelbulla.cl\/portal\/wp-content\/uploads\/2017\/04\/17855096_10211306886481432_8628839365026105036_o-768x512.jpg 768w, http:\/\/www.rincondelbulla.cl\/portal\/wp-content\/uploads\/2017\/04\/17855096_10211306886481432_8628839365026105036_o-1200x800.jpg 1200w, http:\/\/www.rincondelbulla.cl\/portal\/wp-content\/uploads\/2017\/04\/17855096_10211306886481432_8628839365026105036_o-696x464.jpg 696w, http:\/\/www.rincondelbulla.cl\/portal\/wp-content\/uploads\/2017\/04\/17855096_10211306886481432_8628839365026105036_o-1068x712.jpg 1068w, http:\/\/www.rincondelbulla.cl\/portal\/wp-content\/uploads\/2017\/04\/17855096_10211306886481432_8628839365026105036_o-630x420.jpg 630w\" sizes=\"auto, (max-width: 2000px) 100vw, 2000px\" \/><figcaption id=\"caption-attachment-11383\" class=\"wp-caption-text\">Gullermo Hoyos registra seis fechas sin conocer de derrotas.<\/figcaption><\/figure>\n<p><strong>Este domingo Universidad de Chile enfrentar\u00e1 como visita a Deportes Antofagasta. Los azules buscar\u00e1n mantener el alza en el juego y recuperar los puntos perdidos en los \u00faltimos dos empates.<\/strong><\/p>\n<p><!--more--><\/p>\n<p>Luego de una semana dif\u00edcil para los dirigidos por Guillermo Hoyos en la cual los azules debieron enfrentar a U. de Conce, Corinthians y Colo-Colo en siete d\u00edas, el equipo universitario llega al norte con m\u00e1s algo m\u00e1s de descanso. Actualmente en la quinta posici\u00f3n de la tabla (15 puntos), a seis unidades del puntero, Colo-Colo, sumar de a tres ser\u00e1 fundamental para seguir so\u00f1ando con el t\u00edtulo.<\/p>\n<p>Al frente un dif\u00edcil Antofagasta, que pese a marchar en la d\u00e9cimo tercera posici\u00f3n siempre ha sabido hacerle buenos partidos a la U, especialmente de local.<\/p>\n<p>El t\u00e9cnico Hoyos lo sabe, por lo que meter\u00eda mano al equipo y saldr\u00eda con lo mejor a la cancha. En relaci\u00f3n al Supercl\u00e1sico el argentino realizar\u00eda dos sustituciones: Leandro Benegas y Franz Schultz. El primero ingresar\u00eda en lugar de Sebasti\u00e1n Ubilla, que al parecer tendr\u00eda alg\u00fan problema f\u00edsico. En tanto Schultz entrar\u00eda a la cancha en lugar de Pizarro, que no mostr\u00f3 su mejor faceta en el cl\u00e1sico.<\/p>\n<p>Considerando esto la U saldr\u00eda de la siguiente forma:<\/p>\n<p><strong>Johnny Herrera; Mat\u00edas Rodr\u00edguez, Christian Vilches, Gonzalo Jara, Jean Beausejour; Lorenzo Reyes, Gonzalo Espinoza, Franz Schultz; Iv\u00e1n Rozas, Felipe Mora y Leandro Benegas.<\/strong><\/p>\n<p>Recordemos que la Universidad de Chile saldr\u00e1 a la cancha del Calvo y Bascu\u00f1an este domingo 16 de abril a las 18:00 horas.<\/p>\n","protected":false},"excerpt":{"rendered":"<p>Este domingo Universidad de Chile enfrentar\u00e1 como visita a Deportes Antofagasta. Los azules buscar\u00e1n mantener el alza en el juego y recuperar los puntos perdidos en los \u00faltimos dos empates.<\/p>\n","protected":false},"author":21383,"featured_media":11418,"comment_status":"closed","ping_status":"open","sticky":false,"template":"","format":"standard","meta":{"footnotes":""},"categories":[18,20],"tags":[365,1068,157,156],"class_list":{"0":"post-11417","1":"post","2":"type-post","3":"status-publish","4":"format-standard","5":"has-post-thumbnail","7":"category-actualidad","8":"category-avisos","9":"tag-antofagasta","10":"tag-la-formacion-azul","11":"tag-portada","12":"tag-universidad-de-chile"},"_links":{"self":[{"href":"http:\/\/www.rincondelbulla.cl\/portal\/wp-json\/wp\/v2\/posts\/11417","targetHints":{"allow":["GET"]}}],"collection":[{"href":"http:\/\/www.rincondelbulla.cl\/portal\/wp-json\/wp\/v2\/posts"}],"about":[{"href":"http:\/\/www.rincondelbulla.cl\/portal\/wp-json\/wp\/v2\/types\/post"}],"author":[{"embeddable":true,"href":"http:\/\/www.rincondelbulla.cl\/portal\/wp-json\/wp\/v2\/users\/21383"}],"replies":[{"embeddable":true,"href":"http:\/\/www.rincondelbulla.cl\/portal\/wp-json\/wp\/v2\/comments?post=11417"}],"version-history":[{"count":4,"href":"http:\/\/www.rincondelbulla.cl\/portal\/wp-json\/wp\/v2\/posts\/11417\/revisions"}],"predecessor-version":[{"id":11422,"href":"http:\/\/www.rincondelbulla.cl\/portal\/wp-json\/wp\/v2\/posts\/11417\/revisions\/11422"}],"wp:featuredmedia":[{"embeddable":true,"href":"http:\/\/www.rincondelbulla.cl\/portal\/wp-json\/wp\/v2\/media\/11418"}],"wp:attachment":[{"href":"http:\/\/www.rincondelbulla.cl\/portal\/wp-json\/wp\/v2\/media?parent=11417"}],"wp:term":[{"taxonomy":"category","embeddable":true,"href":"http:\/\/www.rincondelbulla.cl\/portal\/wp-json\/wp\/v2\/categories?post=11417"},{"taxonomy":"post_tag","embeddable":true,"href":"http:\/\/www.rincondelbulla.cl\/portal\/wp-json\/wp\/v2\/tags?post=11417"}],"curies":[{"name":"wp","href":"https:\/\/api.w.org\/{rel}","templated":true}]}}