{"id":11476,"date":"2017-04-26T08:30:36","date_gmt":"2017-04-26T12:30:36","guid":{"rendered":"http:\/\/www.rincondelbulla.cl\/portal\/?p=11476"},"modified":"2017-04-26T08:30:36","modified_gmt":"2017-04-26T12:30:36","slug":"ronald-fuentes-a-la-tercera-no-me-imagine-peleando-el-torneo","status":"publish","type":"post","link":"http:\/\/www.rincondelbulla.cl\/portal\/2017\/04\/26\/ronald-fuentes-a-la-tercera-no-me-imagine-peleando-el-torneo\/","title":{"rendered":"Ronald Fuentes a La Tercera: \u201cNo me imagin\u00e9 peleando el torneo\u201d"},"content":{"rendered":"<figure id=\"attachment_11477\" aria-describedby=\"caption-attachment-11477\" style=\"width: 820px\" class=\"wp-caption alignnone\"><img loading=\"lazy\" decoding=\"async\" class=\"size-full wp-image-11477\" src=\"http:\/\/www.rincondelbulla.cl\/portal\/wp-content\/uploads\/2017\/04\/Ronald-Fuentes.jpg\" alt=\"\" width=\"820\" height=\"385\" srcset=\"http:\/\/www.rincondelbulla.cl\/portal\/wp-content\/uploads\/2017\/04\/Ronald-Fuentes.jpg 820w, http:\/\/www.rincondelbulla.cl\/portal\/wp-content\/uploads\/2017\/04\/Ronald-Fuentes-300x141.jpg 300w, http:\/\/www.rincondelbulla.cl\/portal\/wp-content\/uploads\/2017\/04\/Ronald-Fuentes-768x361.jpg 768w, http:\/\/www.rincondelbulla.cl\/portal\/wp-content\/uploads\/2017\/04\/Ronald-Fuentes-696x327.jpg 696w\" sizes=\"auto, (max-width: 820px) 100vw, 820px\" \/><figcaption id=\"caption-attachment-11477\" class=\"wp-caption-text\">Foto: www.latercera.com<\/figcaption><\/figure>\n<p><strong>El ex defensa azul y actual gerente deportivo de la concesionaria convers\u00f3 con el diario de circulaci\u00f3n nacional y reconoci\u00f3 que no esperaba el actual escenario que vive el club.<\/strong><!--more--><\/p>\n<p>Desde que lleg\u00f3 al CDA en su nuevo rol, Fuentes dijo que lo que importaba era que la \u201cU\u201d volviera a reencontrarse con su m\u00edstica y f\u00fatbol. A solo meses de eso, el plantel comparte la punta del Torneo Clausura 2016-2017 y se ilusiona, por qu\u00e9 no, con alcanzar un nuevo campeonato.<\/p>\n<p>El gerente deportivo azul, en entrevista con Diario La Tercera, confes\u00f3 que <strong>\u201cno me imagin\u00e9 peleando el torneo. La idea era afianzar un modelo de juego, volver a recuperar los niveles futbol\u00edsticos en relaci\u00f3n a los nombres y a la calidad de jugadores que tenemos, y sab\u00edamos que eso no ser\u00eda f\u00e1cil. Eso lleva tiempo, no es de un d\u00eda para otro\u201d. <\/strong>A su juicio, este primer semestre estar\u00eda enfocado \u00a0en asentar esa idea, pero agreg\u00f3 que <strong>\u201clos resultados se han ido dando porque hay un buen grupo, tanto a nivel de cuerpo t\u00e9cnico como de plantel\u201d.<\/strong><\/p>\n<p>Fuentes cree que lo que atraviesa actualmente el equipo es \u201cm\u00e1s que una racha\u201d y sentirse gratamente sorprendido por c\u00f3mo los jugadores se interiorizaron del trabajo del t\u00e9cnico Guillermo Hoyos. <strong>\u201cEs dif\u00edcil entender una idea de un d\u00eda para otro. Guillermo es una persona que se ha hecho querer y eso es muy dif\u00edcil, porque lleva poco tiempo trabajando. Ha sido capaz, en este poco tiempo que lleva en la instituci\u00f3n, de hacerse entender, y de que est\u00e9n a muerte con \u00e9l, lo que se ve reflejado en la cancha\u201d, <\/strong>asever\u00f3 el ex zaguero universitario.<\/p>\n<p>Sobre una eventual renovaci\u00f3n del contrato del t\u00e9cnico trasandino, Fuentes pone pa\u00f1os fr\u00edos y dice que es un tema que se conversar\u00e1 con calma. <strong>\u201cHay momentos y momentos. Creo que hoy no es el momento para hablar de eso. El momento es para seguir trabajando, para seguir mejorando. Hay que potenciar lo que estamos haciendo y seguir peleando el torneo. Ya habr\u00e1 momento para hablar con Hoyos\u201d, <\/strong>respondi\u00f3 aunque agreg\u00f3 que esta decisi\u00f3n no pasa ni se condiciona por si se logra el campeonato, reconociendo que el DT no est\u00e1 desesperado por asegurar su continuidad y que el club ve con buenos ojos que se quede.<\/p>\n<p>Sobre eventuales ofertas desde el extranjero \u2013principalmente M\u00e9xico- por jugadores azules, entre los que se destacan Felipe Mora y Lorenzo Reyes, Fuentes indic\u00f3 que <strong>\u201ca mi oficina o al club no ha llegado ninguna oferta. Si en alg\u00fan momento se van, habr\u00e1 que potenciar el equipo\u201d, <\/strong>asegurando que ahora es tiempo de disfrutar el buen momento que atraviesan.<\/p>\n","protected":false},"excerpt":{"rendered":"<p>El ex defensa azul y actual gerente deportivo de la concesionaria convers\u00f3 con el diario de circulaci\u00f3n nacional y reconoci\u00f3 que no esperaba el actual escenario que vive el club.<\/p>\n","protected":false},"author":21382,"featured_media":11477,"comment_status":"closed","ping_status":"open","sticky":false,"template":"","format":"standard","meta":{"footnotes":""},"categories":[18],"tags":[454,174,288,432,489,539,1072,1006,121,157,480,1005,294,156],"class_list":{"0":"post-11476","1":"post","2":"type-post","3":"status-publish","4":"format-standard","5":"has-post-thumbnail","7":"category-actualidad","8":"tag-actualidad","9":"tag-azul-azul","10":"tag-cda","11":"tag-diario-la-tercera","12":"tag-entrevista","13":"tag-felipe-mora","14":"tag-gerente-deportivo","15":"tag-guillermo-hoyos","16":"tag-lorenzo-reyes","17":"tag-portada","18":"tag-ronald-fuentes","19":"tag-torneo-clausura-2016-2017","20":"tag-u-de-chile","21":"tag-universidad-de-chile"},"_links":{"self":[{"href":"http:\/\/www.rincondelbulla.cl\/portal\/wp-json\/wp\/v2\/posts\/11476","targetHints":{"allow":["GET"]}}],"collection":[{"href":"http:\/\/www.rincondelbulla.cl\/portal\/wp-json\/wp\/v2\/posts"}],"about":[{"href":"http:\/\/www.rincondelbulla.cl\/portal\/wp-json\/wp\/v2\/types\/post"}],"author":[{"embeddable":true,"href":"http:\/\/www.rincondelbulla.cl\/portal\/wp-json\/wp\/v2\/users\/21382"}],"replies":[{"embeddable":true,"href":"http:\/\/www.rincondelbulla.cl\/portal\/wp-json\/wp\/v2\/comments?post=11476"}],"version-history":[{"count":1,"href":"http:\/\/www.rincondelbulla.cl\/portal\/wp-json\/wp\/v2\/posts\/11476\/revisions"}],"predecessor-version":[{"id":11478,"href":"http:\/\/www.rincondelbulla.cl\/portal\/wp-json\/wp\/v2\/posts\/11476\/revisions\/11478"}],"wp:featuredmedia":[{"embeddable":true,"href":"http:\/\/www.rincondelbulla.cl\/portal\/wp-json\/wp\/v2\/media\/11477"}],"wp:attachment":[{"href":"http:\/\/www.rincondelbulla.cl\/portal\/wp-json\/wp\/v2\/media?parent=11476"}],"wp:term":[{"taxonomy":"category","embeddable":true,"href":"http:\/\/www.rincondelbulla.cl\/portal\/wp-json\/wp\/v2\/categories?post=11476"},{"taxonomy":"post_tag","embeddable":true,"href":"http:\/\/www.rincondelbulla.cl\/portal\/wp-json\/wp\/v2\/tags?post=11476"}],"curies":[{"name":"wp","href":"https:\/\/api.w.org\/{rel}","templated":true}]}}