{"id":11481,"date":"2017-04-26T12:52:55","date_gmt":"2017-04-26T16:52:55","guid":{"rendered":"http:\/\/www.rincondelbulla.cl\/portal\/?p=11481"},"modified":"2017-04-26T12:56:34","modified_gmt":"2017-04-26T16:56:34","slug":"lorenzo-reyes-a-san-carlos-vamos-a-ir-a-ganar","status":"publish","type":"post","link":"http:\/\/www.rincondelbulla.cl\/portal\/2017\/04\/26\/lorenzo-reyes-a-san-carlos-vamos-a-ir-a-ganar\/","title":{"rendered":"Lorenzo Reyes: \u00abA San Carlos vamos a ir a ganar\u00bb"},"content":{"rendered":"<figure id=\"attachment_11485\" aria-describedby=\"caption-attachment-11485\" style=\"width: 1000px\" class=\"wp-caption aligncenter\"><img loading=\"lazy\" decoding=\"async\" class=\"size-full wp-image-11485\" src=\"http:\/\/www.rincondelbulla.cl\/portal\/wp-content\/uploads\/2017\/04\/1472261802_439313_1472311223_noticia_normal.jpg\" alt=\"\" width=\"1000\" height=\"500\" srcset=\"http:\/\/www.rincondelbulla.cl\/portal\/wp-content\/uploads\/2017\/04\/1472261802_439313_1472311223_noticia_normal.jpg 1000w, http:\/\/www.rincondelbulla.cl\/portal\/wp-content\/uploads\/2017\/04\/1472261802_439313_1472311223_noticia_normal-300x150.jpg 300w, http:\/\/www.rincondelbulla.cl\/portal\/wp-content\/uploads\/2017\/04\/1472261802_439313_1472311223_noticia_normal-768x384.jpg 768w, http:\/\/www.rincondelbulla.cl\/portal\/wp-content\/uploads\/2017\/04\/1472261802_439313_1472311223_noticia_normal-696x348.jpg 696w, http:\/\/www.rincondelbulla.cl\/portal\/wp-content\/uploads\/2017\/04\/1472261802_439313_1472311223_noticia_normal-840x420.jpg 840w\" sizes=\"auto, (max-width: 1000px) 100vw, 1000px\" \/><figcaption id=\"caption-attachment-11485\" class=\"wp-caption-text\">Foto: Photosport<\/figcaption><\/figure>\n<p><strong>Esta ma\u00f1ana el encargado de recibir a los medios fue Lorenzo Reyes. El volante de buen desempe\u00f1o analiz\u00f3 la campa\u00f1a azul y lo que ser\u00e1 el duelo con los cruzados este s\u00e1bado al mediod\u00eda.<\/strong><\/p>\n<p><!--more--><\/p>\n<p>La Universidad de Chile pasa por un buen momento. Actualmente punteros, junto a Colo-Colo, los azules deber\u00e1n enfrentar cuatro finales para seguir con la ilusi\u00f3n de dar la vuelta. La primera y una de las m\u00e1s importantes se llevar\u00e1 a cabo este s\u00e1bado en un nuevo cl\u00e1sico universitario.<\/p>\n<p>Con respecto a este duelo Lorenzo Reyes coment\u00f3: <strong>\u00abYo creo que va a estar parejo en todas las l\u00edneas, si bien Buonanotte es un jugador muy bueno, no es la Cat\u00f3lica. La UC se caracteriza por ser un buen equipo en todas sus l\u00edneas\u00bb\u00a0<\/strong><\/p>\n<p>Sobre el momento en que llega la U Reyes coment\u00f3 que \u00ab<strong>a nosotros no nos sobra nada en lo individual y el equipo ha logrado salir adelante porque hemos logrado un rendimiento a lo largo del campeonato de forma grupal\u00bb.<\/strong><\/p>\n<p>En cuanto a la dificultad que ha significado sacar buenos resultados en San Carlos, el volante se sac\u00f3 presi\u00f3n agregando que \u00e9l no se hac\u00eda cargo de los a\u00f1os anteriores, sin embargo confes\u00f3 que este cl\u00e1sico en particular se lo toma como una revancha por los duelos del semestre pasado, donde la U perdi\u00f3 tres y logr\u00f3 solo un empate.<\/p>\n<p>Para finalizar Reyes asegur\u00f3 no sentir presi\u00f3n por estar en la punta: \u00ab<strong>Este club est\u00e1 acostumbrado a pelear en la parte alta de la tabla con muchos jugadores de jerarqu\u00eda. Estamos tranquilos y trabajaremos de la misma manera\u00bb.<\/strong><\/p>\n<p>&nbsp;<\/p>\n","protected":false},"excerpt":{"rendered":"<p>Esta ma\u00f1ana el encargado de recibir a los medios fue Lorenzo Reyes. El volante de buen desempe\u00f1o analiz\u00f3 la campa\u00f1a azul y lo que ser\u00e1 el duelo con los cruzados este s\u00e1bado al mediod\u00eda.<\/p>\n","protected":false},"author":21383,"featured_media":11485,"comment_status":"closed","ping_status":"open","sticky":false,"template":"","format":"standard","meta":{"footnotes":""},"categories":[18,20],"tags":[71,157,603,156],"class_list":{"0":"post-11481","1":"post","2":"type-post","3":"status-publish","4":"format-standard","5":"has-post-thumbnail","7":"category-actualidad","8":"category-avisos","9":"tag-clasico-universitario","10":"tag-portada","11":"tag-universidad-catolica","12":"tag-universidad-de-chile"},"_links":{"self":[{"href":"http:\/\/www.rincondelbulla.cl\/portal\/wp-json\/wp\/v2\/posts\/11481","targetHints":{"allow":["GET"]}}],"collection":[{"href":"http:\/\/www.rincondelbulla.cl\/portal\/wp-json\/wp\/v2\/posts"}],"about":[{"href":"http:\/\/www.rincondelbulla.cl\/portal\/wp-json\/wp\/v2\/types\/post"}],"author":[{"embeddable":true,"href":"http:\/\/www.rincondelbulla.cl\/portal\/wp-json\/wp\/v2\/users\/21383"}],"replies":[{"embeddable":true,"href":"http:\/\/www.rincondelbulla.cl\/portal\/wp-json\/wp\/v2\/comments?post=11481"}],"version-history":[{"count":3,"href":"http:\/\/www.rincondelbulla.cl\/portal\/wp-json\/wp\/v2\/posts\/11481\/revisions"}],"predecessor-version":[{"id":11487,"href":"http:\/\/www.rincondelbulla.cl\/portal\/wp-json\/wp\/v2\/posts\/11481\/revisions\/11487"}],"wp:featuredmedia":[{"embeddable":true,"href":"http:\/\/www.rincondelbulla.cl\/portal\/wp-json\/wp\/v2\/media\/11485"}],"wp:attachment":[{"href":"http:\/\/www.rincondelbulla.cl\/portal\/wp-json\/wp\/v2\/media?parent=11481"}],"wp:term":[{"taxonomy":"category","embeddable":true,"href":"http:\/\/www.rincondelbulla.cl\/portal\/wp-json\/wp\/v2\/categories?post=11481"},{"taxonomy":"post_tag","embeddable":true,"href":"http:\/\/www.rincondelbulla.cl\/portal\/wp-json\/wp\/v2\/tags?post=11481"}],"curies":[{"name":"wp","href":"https:\/\/api.w.org\/{rel}","templated":true}]}}