{"id":11489,"date":"2017-04-28T12:29:51","date_gmt":"2017-04-28T16:29:51","guid":{"rendered":"http:\/\/www.rincondelbulla.cl\/portal\/?p=11489"},"modified":"2017-04-28T12:29:51","modified_gmt":"2017-04-28T16:29:51","slug":"video-la-movida-conferencia-de-guillermo-hoyos-en-medio-de-un-fuerte-temblor","status":"publish","type":"post","link":"http:\/\/www.rincondelbulla.cl\/portal\/2017\/04\/28\/video-la-movida-conferencia-de-guillermo-hoyos-en-medio-de-un-fuerte-temblor\/","title":{"rendered":"[VIDEO] La movida conferencia de Guillermo Hoyos en medio de un fuerte temblor"},"content":{"rendered":"<p><img loading=\"lazy\" decoding=\"async\" class=\"aligncenter size-full wp-image-11383\" src=\"http:\/\/www.rincondelbulla.cl\/portal\/wp-content\/uploads\/2017\/04\/17855096_10211306886481432_8628839365026105036_o.jpg\" alt=\"\" width=\"2000\" height=\"1333\" srcset=\"http:\/\/www.rincondelbulla.cl\/portal\/wp-content\/uploads\/2017\/04\/17855096_10211306886481432_8628839365026105036_o.jpg 2000w, http:\/\/www.rincondelbulla.cl\/portal\/wp-content\/uploads\/2017\/04\/17855096_10211306886481432_8628839365026105036_o-300x200.jpg 300w, http:\/\/www.rincondelbulla.cl\/portal\/wp-content\/uploads\/2017\/04\/17855096_10211306886481432_8628839365026105036_o-768x512.jpg 768w, http:\/\/www.rincondelbulla.cl\/portal\/wp-content\/uploads\/2017\/04\/17855096_10211306886481432_8628839365026105036_o-1200x800.jpg 1200w, http:\/\/www.rincondelbulla.cl\/portal\/wp-content\/uploads\/2017\/04\/17855096_10211306886481432_8628839365026105036_o-696x464.jpg 696w, http:\/\/www.rincondelbulla.cl\/portal\/wp-content\/uploads\/2017\/04\/17855096_10211306886481432_8628839365026105036_o-1068x712.jpg 1068w, http:\/\/www.rincondelbulla.cl\/portal\/wp-content\/uploads\/2017\/04\/17855096_10211306886481432_8628839365026105036_o-630x420.jpg 630w\" sizes=\"auto, (max-width: 2000px) 100vw, 2000px\" \/><\/p>\n<p><strong>En la previa delo que puede ser un duelo clave ante la UC, el estratega analiz\u00f3 el presente de la U.<\/strong><!--more--><\/p>\n<p>Este viernes se llev\u00f3 \u00a0a cabo e tradicional Banderazo previo al cl\u00e1sico ante Universidad Cat\u00f3lica, donde miles de hinchas llegaron hasta el Estadio Nacional para brindarle el \u00faltimo apoyo al club.<\/p>\n<p>Tras esto Guillermo Hoyos convers\u00f3 con los medios de comunicaci\u00f3n y abord\u00f3 los temas relacionados con el duelo ante los de la precordillera. Mientras el t\u00e9cnico azul conversaba con la prensa se produjo un fuerte movimiento s\u00edsmico que no amain\u00f3 el \u00e1nimo del argentina, \u00abEste temblor no nos quitar\u00e1 la fe\u00bb, aprovech\u00f3 de se\u00f1alar.<\/p>\n<p><strong>El primer Banderazo de Hoyos:\u00a0<\/strong>Dentro de todo lo que se vive d\u00eda a d\u00eda somos afortunados, esto es lo que transmite el f\u00fatbol, \u00a0esto es enamoramiento del jugador con su gente. Es muy emotivo.<\/p>\n<p><strong>Duelo con la UC no es definitivo:\u00a0<\/strong>No creo que sea definitivo. Est\u00e1s cuatro fechas, hay una calidad muy importante de los equipos en general, hay una paridad. No est\u00e1 definido pq hay equipos que vienen con 1-2-3 puntos de diferencia.<\/p>\n<p><strong>El momento de la UC:\u00a0<\/strong>Pueden cambiar caracter\u00edsticas individuales, pero el fondo de Cat\u00f3lica es Mario (Salas), y en eso gira su forma de estar. A partir de ah\u00ed viene lo que son sus jugadores individualmente.<\/p>\n<p><strong>La lucha por el t\u00edtulo:\u00a0<\/strong>Seguimos creciendo y buscando, vamos a enfrentar a un rival importante. Son dos equipos con la intenci\u00f3n de ganar. Buscamos consolidar esto partido a partido.<\/p>\n<blockquote class=\"twitter-video\" data-lang=\"es\">\n<p dir=\"ltr\" lang=\"und\"><a href=\"https:\/\/t.co\/LkAwGgJlez\">pic.twitter.com\/LkAwGgJlez<\/a><\/p>\n<p>\u2014 Claudio C\u00e1ceres (@CaceresCla) <a href=\"https:\/\/twitter.com\/CaceresCla\/status\/857994142466682881\">28 de abril de 2017<\/a><\/p><\/blockquote>\n<p><script async src=\"\/\/platform.twitter.com\/widgets.js\" charset=\"utf-8\"><\/script><\/p>\n","protected":false},"excerpt":{"rendered":"<p>En la previa delo que puede ser un duelo clave ante la UC, el estratega analiz\u00f3 el presente de la U.<\/p>\n","protected":false},"author":56,"featured_media":11383,"comment_status":"closed","ping_status":"open","sticky":false,"template":"","format":"standard","meta":{"footnotes":""},"categories":[18],"tags":[454,102,157,156],"class_list":{"0":"post-11489","1":"post","2":"type-post","3":"status-publish","4":"format-standard","5":"has-post-thumbnail","7":"category-actualidad","8":"tag-actualidad","9":"tag-los-de-abajo","10":"tag-portada","11":"tag-universidad-de-chile"},"_links":{"self":[{"href":"http:\/\/www.rincondelbulla.cl\/portal\/wp-json\/wp\/v2\/posts\/11489","targetHints":{"allow":["GET"]}}],"collection":[{"href":"http:\/\/www.rincondelbulla.cl\/portal\/wp-json\/wp\/v2\/posts"}],"about":[{"href":"http:\/\/www.rincondelbulla.cl\/portal\/wp-json\/wp\/v2\/types\/post"}],"author":[{"embeddable":true,"href":"http:\/\/www.rincondelbulla.cl\/portal\/wp-json\/wp\/v2\/users\/56"}],"replies":[{"embeddable":true,"href":"http:\/\/www.rincondelbulla.cl\/portal\/wp-json\/wp\/v2\/comments?post=11489"}],"version-history":[{"count":1,"href":"http:\/\/www.rincondelbulla.cl\/portal\/wp-json\/wp\/v2\/posts\/11489\/revisions"}],"predecessor-version":[{"id":11490,"href":"http:\/\/www.rincondelbulla.cl\/portal\/wp-json\/wp\/v2\/posts\/11489\/revisions\/11490"}],"wp:featuredmedia":[{"embeddable":true,"href":"http:\/\/www.rincondelbulla.cl\/portal\/wp-json\/wp\/v2\/media\/11383"}],"wp:attachment":[{"href":"http:\/\/www.rincondelbulla.cl\/portal\/wp-json\/wp\/v2\/media?parent=11489"}],"wp:term":[{"taxonomy":"category","embeddable":true,"href":"http:\/\/www.rincondelbulla.cl\/portal\/wp-json\/wp\/v2\/categories?post=11489"},{"taxonomy":"post_tag","embeddable":true,"href":"http:\/\/www.rincondelbulla.cl\/portal\/wp-json\/wp\/v2\/tags?post=11489"}],"curies":[{"name":"wp","href":"https:\/\/api.w.org\/{rel}","templated":true}]}}