{"id":11492,"date":"2017-04-29T12:54:58","date_gmt":"2017-04-29T16:54:58","guid":{"rendered":"http:\/\/www.rincondelbulla.cl\/portal\/?p=11492"},"modified":"2017-04-29T12:54:58","modified_gmt":"2017-04-29T16:54:58","slug":"nadie-dijo-que-seria-facil-cabros","status":"publish","type":"post","link":"http:\/\/www.rincondelbulla.cl\/portal\/2017\/04\/29\/nadie-dijo-que-seria-facil-cabros\/","title":{"rendered":"Nadie dijo que ser\u00eda f\u00e1cil cabros"},"content":{"rendered":"<figure id=\"attachment_11494\" aria-describedby=\"caption-attachment-11494\" style=\"width: 1280px\" class=\"wp-caption alignnone\"><img loading=\"lazy\" decoding=\"async\" class=\"wp-image-11494 size-full\" src=\"http:\/\/www.rincondelbulla.cl\/portal\/wp-content\/uploads\/2017\/04\/IMG-20170429-WA0012.jpg\" alt=\"\" width=\"1280\" height=\"852\" srcset=\"http:\/\/www.rincondelbulla.cl\/portal\/wp-content\/uploads\/2017\/04\/IMG-20170429-WA0012.jpg 1280w, http:\/\/www.rincondelbulla.cl\/portal\/wp-content\/uploads\/2017\/04\/IMG-20170429-WA0012-300x200.jpg 300w, http:\/\/www.rincondelbulla.cl\/portal\/wp-content\/uploads\/2017\/04\/IMG-20170429-WA0012-768x511.jpg 768w, http:\/\/www.rincondelbulla.cl\/portal\/wp-content\/uploads\/2017\/04\/IMG-20170429-WA0012-1200x799.jpg 1200w, http:\/\/www.rincondelbulla.cl\/portal\/wp-content\/uploads\/2017\/04\/IMG-20170429-WA0012-696x463.jpg 696w, http:\/\/www.rincondelbulla.cl\/portal\/wp-content\/uploads\/2017\/04\/IMG-20170429-WA0012-1068x711.jpg 1068w, http:\/\/www.rincondelbulla.cl\/portal\/wp-content\/uploads\/2017\/04\/IMG-20170429-WA0012-631x420.jpg 631w\" sizes=\"auto, (max-width: 1280px) 100vw, 1280px\" \/><figcaption id=\"caption-attachment-11494\" class=\"wp-caption-text\">La \u00abU\u00bb cay\u00f3 por 3-1 ante la UC, en un encuentro donde antes de los 30 minutos debi\u00f3 ver abandonar la cancha a dos de sus principales jugadores. Foto: Patricio Gonz\u00e1lez<\/figcaption><\/figure>\n<p><strong>Un ingrato partido evit\u00f3 que los azules pudieran seguir en la punta de la tabla esta fecha. Sin embargo, a\u00fan quedan tres fechas para seguir so\u00f1ando.<\/strong><\/p>\n<p><!--more--><\/p>\n<p>Todo parec\u00eda que pod\u00eda ser un partido tranquilo, cuando Felipe Mora decretaba la primera cifra, tras un penal sancionado por mano en el \u00e1rea cruzada en los 8 minutos.<\/p>\n<p>Pese a ello, el local subi\u00f3 su juego, lo que sumado a la perdida de control de bal\u00f3n de los azules, culmin\u00f3 con el empate en los 18 minutos de Roberto Guti\u00e9rrez.<\/p>\n<p>minutos despu\u00e9s comenz\u00f3 la mala suerte para la \u00abU\u00bb. Gonzalo Jara y posteriormente Gustavo Lorenzetti, debieron ser reemplazados por diversas lesiones, lo que hizo que el equipo se resintiera y acusara el golpe.<\/p>\n<p>En el \u00faltimo cuarto de hora del partido el local finiquit\u00f3 el encuentro. Dos minutos bastaron para poner la lapida. En los 75 y 76, Roberto Guti\u00e9rrez -en evidente posici\u00f3n de adelanto- \u00a0y Jos\u00e9 Pedro Fuenzalida, pusieron el 3-1 para los cruzados.<\/p>\n<p>El pr\u00f3ximo viernes, en el Estadio Nacional, Universidad de Chile recibir\u00e1 a Cobresal, con la ilusi\u00f3n de poder seguir peleando por el ansiado t\u00edtulo.<\/p>\n","protected":false},"excerpt":{"rendered":"<p>Un ingrato partido evit\u00f3 que los azules pudieran seguir en la punta de la tabla esta fecha. Sin embargo, a\u00fan quedan tres fechas para seguir so\u00f1ando.<\/p>\n","protected":false},"author":21382,"featured_media":11494,"comment_status":"closed","ping_status":"open","sticky":false,"template":"","format":"standard","meta":{"footnotes":""},"categories":[1],"tags":[454,71,341,539,531,78,1074,157,1073,1005,294,156],"class_list":{"0":"post-11492","1":"post","2":"type-post","3":"status-publish","4":"format-standard","5":"has-post-thumbnail","7":"category-sin-categoria","8":"tag-actualidad","9":"tag-clasico-universitario","10":"tag-cobresal","11":"tag-felipe-mora","12":"tag-gonzalo-jara","13":"tag-gustavo-lorenzetti","14":"tag-jose-pedro-fuenzalida","15":"tag-portada","16":"tag-roberto-gutierrez","17":"tag-torneo-clausura-2016-2017","18":"tag-u-de-chile","19":"tag-universidad-de-chile"},"_links":{"self":[{"href":"http:\/\/www.rincondelbulla.cl\/portal\/wp-json\/wp\/v2\/posts\/11492","targetHints":{"allow":["GET"]}}],"collection":[{"href":"http:\/\/www.rincondelbulla.cl\/portal\/wp-json\/wp\/v2\/posts"}],"about":[{"href":"http:\/\/www.rincondelbulla.cl\/portal\/wp-json\/wp\/v2\/types\/post"}],"author":[{"embeddable":true,"href":"http:\/\/www.rincondelbulla.cl\/portal\/wp-json\/wp\/v2\/users\/21382"}],"replies":[{"embeddable":true,"href":"http:\/\/www.rincondelbulla.cl\/portal\/wp-json\/wp\/v2\/comments?post=11492"}],"version-history":[{"count":3,"href":"http:\/\/www.rincondelbulla.cl\/portal\/wp-json\/wp\/v2\/posts\/11492\/revisions"}],"predecessor-version":[{"id":11499,"href":"http:\/\/www.rincondelbulla.cl\/portal\/wp-json\/wp\/v2\/posts\/11492\/revisions\/11499"}],"wp:featuredmedia":[{"embeddable":true,"href":"http:\/\/www.rincondelbulla.cl\/portal\/wp-json\/wp\/v2\/media\/11494"}],"wp:attachment":[{"href":"http:\/\/www.rincondelbulla.cl\/portal\/wp-json\/wp\/v2\/media?parent=11492"}],"wp:term":[{"taxonomy":"category","embeddable":true,"href":"http:\/\/www.rincondelbulla.cl\/portal\/wp-json\/wp\/v2\/categories?post=11492"},{"taxonomy":"post_tag","embeddable":true,"href":"http:\/\/www.rincondelbulla.cl\/portal\/wp-json\/wp\/v2\/tags?post=11492"}],"curies":[{"name":"wp","href":"https:\/\/api.w.org\/{rel}","templated":true}]}}