{"id":11510,"date":"2017-05-03T08:29:10","date_gmt":"2017-05-03T12:29:10","guid":{"rendered":"http:\/\/www.rincondelbulla.cl\/portal\/?p=11510"},"modified":"2017-05-03T08:29:10","modified_gmt":"2017-05-03T12:29:10","slug":"con-inedita-promocion-la-u-quiere-llenar-el-nacional-ante-cobresal","status":"publish","type":"post","link":"http:\/\/www.rincondelbulla.cl\/portal\/2017\/05\/03\/con-inedita-promocion-la-u-quiere-llenar-el-nacional-ante-cobresal\/","title":{"rendered":"Con in\u00e9dita promoci\u00f3n la \u201cU\u201d quiere llenar el Nacional ante Cobresal"},"content":{"rendered":"<figure id=\"attachment_11511\" aria-describedby=\"caption-attachment-11511\" style=\"width: 2000px\" class=\"wp-caption alignnone\"><img loading=\"lazy\" decoding=\"async\" class=\"size-full wp-image-11511\" src=\"http:\/\/www.rincondelbulla.cl\/portal\/wp-content\/uploads\/2017\/05\/Barra-Los-de-Abajo.jpg\" alt=\"\" width=\"2000\" height=\"1209\" srcset=\"http:\/\/www.rincondelbulla.cl\/portal\/wp-content\/uploads\/2017\/05\/Barra-Los-de-Abajo.jpg 2000w, http:\/\/www.rincondelbulla.cl\/portal\/wp-content\/uploads\/2017\/05\/Barra-Los-de-Abajo-300x181.jpg 300w, http:\/\/www.rincondelbulla.cl\/portal\/wp-content\/uploads\/2017\/05\/Barra-Los-de-Abajo-768x464.jpg 768w, http:\/\/www.rincondelbulla.cl\/portal\/wp-content\/uploads\/2017\/05\/Barra-Los-de-Abajo-1200x725.jpg 1200w, http:\/\/www.rincondelbulla.cl\/portal\/wp-content\/uploads\/2017\/05\/Barra-Los-de-Abajo-696x421.jpg 696w, http:\/\/www.rincondelbulla.cl\/portal\/wp-content\/uploads\/2017\/05\/Barra-Los-de-Abajo-1068x646.jpg 1068w, http:\/\/www.rincondelbulla.cl\/portal\/wp-content\/uploads\/2017\/05\/Barra-Los-de-Abajo-695x420.jpg 695w\" sizes=\"auto, (max-width: 2000px) 100vw, 2000px\" \/><figcaption id=\"caption-attachment-11511\" class=\"wp-caption-text\">Foto: Patricio Gonz\u00e1lez<\/figcaption><\/figure>\n<p><strong>Las entradas se pusieron a la venta este martes, para el cotejo que se disputar\u00e1 este viernes desde las 20:30 hrs.<\/strong><!--more--><\/p>\n<p>Con entradas 3&#215;2 en todas sus localidades, Universidad de Chile busca incentivar a\u00fan m\u00e1s a sus hinchas para acompa\u00f1arlos en el partido de este viernes ante Cobresal, en el Estadio Nacional.<\/p>\n<p>Los tickets fueron puestos a la venta en el tradicional sistema <a href=\"https:\/\/www.puntoticket.com\/evento\/UCH096\">PuntoTicket<\/a>, pudiendo ser descargados e impresos, sin necesidad de realizar canje.<\/p>\n<p>Los precios de las entradas es el siguiente:<\/p>\n<figure id=\"attachment_11512\" aria-describedby=\"caption-attachment-11512\" style=\"width: 625px\" class=\"wp-caption aligncenter\"><img loading=\"lazy\" decoding=\"async\" class=\"size-full wp-image-11512\" src=\"http:\/\/www.rincondelbulla.cl\/portal\/wp-content\/uploads\/2017\/05\/Entradas-Cobresal.gif\" alt=\"\" width=\"625\" height=\"330\" \/><figcaption id=\"caption-attachment-11512\" class=\"wp-caption-text\">Foto: PuntoTicket.com<\/figcaption><\/figure>\n","protected":false},"excerpt":{"rendered":"<p>Las entradas se pusieron a la venta este martes, para el cotejo que se disputar\u00e1 este viernes desde las 20:30 hrs.<\/p>\n","protected":false},"author":21382,"featured_media":11511,"comment_status":"closed","ping_status":"open","sticky":false,"template":"","format":"standard","meta":{"footnotes":""},"categories":[18],"tags":[454,341,195,157,467,1005,294,156],"class_list":{"0":"post-11510","1":"post","2":"type-post","3":"status-publish","4":"format-standard","5":"has-post-thumbnail","7":"category-actualidad","8":"tag-actualidad","9":"tag-cobresal","10":"tag-entradas","11":"tag-portada","12":"tag-puntoticket","13":"tag-torneo-clausura-2016-2017","14":"tag-u-de-chile","15":"tag-universidad-de-chile"},"_links":{"self":[{"href":"http:\/\/www.rincondelbulla.cl\/portal\/wp-json\/wp\/v2\/posts\/11510","targetHints":{"allow":["GET"]}}],"collection":[{"href":"http:\/\/www.rincondelbulla.cl\/portal\/wp-json\/wp\/v2\/posts"}],"about":[{"href":"http:\/\/www.rincondelbulla.cl\/portal\/wp-json\/wp\/v2\/types\/post"}],"author":[{"embeddable":true,"href":"http:\/\/www.rincondelbulla.cl\/portal\/wp-json\/wp\/v2\/users\/21382"}],"replies":[{"embeddable":true,"href":"http:\/\/www.rincondelbulla.cl\/portal\/wp-json\/wp\/v2\/comments?post=11510"}],"version-history":[{"count":2,"href":"http:\/\/www.rincondelbulla.cl\/portal\/wp-json\/wp\/v2\/posts\/11510\/revisions"}],"predecessor-version":[{"id":11514,"href":"http:\/\/www.rincondelbulla.cl\/portal\/wp-json\/wp\/v2\/posts\/11510\/revisions\/11514"}],"wp:featuredmedia":[{"embeddable":true,"href":"http:\/\/www.rincondelbulla.cl\/portal\/wp-json\/wp\/v2\/media\/11511"}],"wp:attachment":[{"href":"http:\/\/www.rincondelbulla.cl\/portal\/wp-json\/wp\/v2\/media?parent=11510"}],"wp:term":[{"taxonomy":"category","embeddable":true,"href":"http:\/\/www.rincondelbulla.cl\/portal\/wp-json\/wp\/v2\/categories?post=11510"},{"taxonomy":"post_tag","embeddable":true,"href":"http:\/\/www.rincondelbulla.cl\/portal\/wp-json\/wp\/v2\/tags?post=11510"}],"curies":[{"name":"wp","href":"https:\/\/api.w.org\/{rel}","templated":true}]}}