{"id":11594,"date":"2017-05-21T20:43:31","date_gmt":"2017-05-22T00:43:31","guid":{"rendered":"http:\/\/www.rincondelbulla.cl\/portal\/?p=11594"},"modified":"2017-05-22T03:27:12","modified_gmt":"2017-05-22T07:27:12","slug":"cinco-azules-en-la-nomina-de-pizzi","status":"publish","type":"post","link":"http:\/\/www.rincondelbulla.cl\/portal\/2017\/05\/21\/cinco-azules-en-la-nomina-de-pizzi\/","title":{"rendered":"Cinco azules en la n\u00f3mina de Pizzi"},"content":{"rendered":"<figure id=\"attachment_11595\" aria-describedby=\"caption-attachment-11595\" style=\"width: 900px\" class=\"wp-caption aligncenter\"><img loading=\"lazy\" decoding=\"async\" class=\"size-full wp-image-11595\" src=\"http:\/\/www.rincondelbulla.cl\/portal\/wp-content\/uploads\/2017\/05\/2017-04-22-PHOTO-00013299.jpg\" alt=\"\" width=\"900\" height=\"600\" srcset=\"http:\/\/www.rincondelbulla.cl\/portal\/wp-content\/uploads\/2017\/05\/2017-04-22-PHOTO-00013299.jpg 900w, http:\/\/www.rincondelbulla.cl\/portal\/wp-content\/uploads\/2017\/05\/2017-04-22-PHOTO-00013299-300x200.jpg 300w, http:\/\/www.rincondelbulla.cl\/portal\/wp-content\/uploads\/2017\/05\/2017-04-22-PHOTO-00013299-768x512.jpg 768w, http:\/\/www.rincondelbulla.cl\/portal\/wp-content\/uploads\/2017\/05\/2017-04-22-PHOTO-00013299-696x464.jpg 696w, http:\/\/www.rincondelbulla.cl\/portal\/wp-content\/uploads\/2017\/05\/2017-04-22-PHOTO-00013299-630x420.jpg 630w\" sizes=\"auto, (max-width: 900px) 100vw, 900px\" \/><figcaption id=\"caption-attachment-11595\" class=\"wp-caption-text\">Beausejour, un cl\u00e1sico en las n\u00f3minas. Y Leiva, la sopresa.<\/figcaption><\/figure>\n<p><strong>El t\u00e9cnico de La Roja sorprendi\u00f3 llamando a cinco azules entre los que destaca el goleador del torneo, Felipe Mora. Yerko Leiva tambi\u00e9n apareci\u00f3\u00a0en la lista.<\/strong><\/p>\n<p><!--more--><\/p>\n<p>Hoy se cerr\u00f3 la n\u00f3mina oficial de los jugadores nacionales que se unir\u00e1n a los que militan en el extranjero. En total fueron nueve convocados del medio local entre los que destacan cinco azules.<\/p>\n<p>Se trata de<strong>\u00a0Johnny Herrera, Gonzalo Jara, Jean Beausejour, Yerko Leiva y Felipe Mora<\/strong>. Este \u00faltimo le habr\u00eda ganado\u00a0la pulseada a Esteban Paredes, quien qued\u00f3 fuera de la n\u00f3mina.<\/p>\n<p>El resto de la convocatoria la componen <strong>Christopher Toselli, Guillermo Marip\u00e1n y Jos\u00e9 Pedro Fuenzalida de la UC; y Leonardo Valencia de Palestino.<\/strong><\/p>\n","protected":false},"excerpt":{"rendered":"<p>El t\u00e9cnico de La Roja sorprendi\u00f3 llamando a cinco azules entre los que destaca el goleador del torneo, Felipe Mora. Yerko Leiva tambi\u00e9n apareci\u00f3\u00a0en la lista.<\/p>\n","protected":false},"author":21383,"featured_media":11596,"comment_status":"closed","ping_status":"open","sticky":false,"template":"","format":"standard","meta":{"footnotes":""},"categories":[18,20],"tags":[583,230,157,686,294],"class_list":{"0":"post-11594","1":"post","2":"type-post","3":"status-publish","4":"format-standard","5":"has-post-thumbnail","7":"category-actualidad","8":"category-avisos","9":"tag-juan-antonio-pizzi","10":"tag-la-roja","11":"tag-portada","12":"tag-seleccion","13":"tag-u-de-chile"},"_links":{"self":[{"href":"http:\/\/www.rincondelbulla.cl\/portal\/wp-json\/wp\/v2\/posts\/11594","targetHints":{"allow":["GET"]}}],"collection":[{"href":"http:\/\/www.rincondelbulla.cl\/portal\/wp-json\/wp\/v2\/posts"}],"about":[{"href":"http:\/\/www.rincondelbulla.cl\/portal\/wp-json\/wp\/v2\/types\/post"}],"author":[{"embeddable":true,"href":"http:\/\/www.rincondelbulla.cl\/portal\/wp-json\/wp\/v2\/users\/21383"}],"replies":[{"embeddable":true,"href":"http:\/\/www.rincondelbulla.cl\/portal\/wp-json\/wp\/v2\/comments?post=11594"}],"version-history":[{"count":3,"href":"http:\/\/www.rincondelbulla.cl\/portal\/wp-json\/wp\/v2\/posts\/11594\/revisions"}],"predecessor-version":[{"id":11599,"href":"http:\/\/www.rincondelbulla.cl\/portal\/wp-json\/wp\/v2\/posts\/11594\/revisions\/11599"}],"wp:featuredmedia":[{"embeddable":true,"href":"http:\/\/www.rincondelbulla.cl\/portal\/wp-json\/wp\/v2\/media\/11596"}],"wp:attachment":[{"href":"http:\/\/www.rincondelbulla.cl\/portal\/wp-json\/wp\/v2\/media?parent=11594"}],"wp:term":[{"taxonomy":"category","embeddable":true,"href":"http:\/\/www.rincondelbulla.cl\/portal\/wp-json\/wp\/v2\/categories?post=11594"},{"taxonomy":"post_tag","embeddable":true,"href":"http:\/\/www.rincondelbulla.cl\/portal\/wp-json\/wp\/v2\/tags?post=11594"}],"curies":[{"name":"wp","href":"https:\/\/api.w.org\/{rel}","templated":true}]}}