{"id":11601,"date":"2017-05-22T22:03:54","date_gmt":"2017-05-23T02:03:54","guid":{"rendered":"http:\/\/www.rincondelbulla.cl\/portal\/?p=11601"},"modified":"2017-05-22T22:03:54","modified_gmt":"2017-05-23T02:03:54","slug":"exitosa-operacion-del-conejo","status":"publish","type":"post","link":"http:\/\/www.rincondelbulla.cl\/portal\/2017\/05\/22\/exitosa-operacion-del-conejo\/","title":{"rendered":"Exitosa operaci\u00f3n del \u00abConejo\u00bb"},"content":{"rendered":"<figure id=\"attachment_7516\" aria-describedby=\"caption-attachment-7516\" style=\"width: 2048px\" class=\"wp-caption alignnone\"><img loading=\"lazy\" decoding=\"async\" class=\"size-full wp-image-7516\" src=\"http:\/\/www.rincondelbulla.cl\/portal\/wp-content\/uploads\/2015\/08\/Ubilla-Gol.jpg\" alt=\"\" width=\"2048\" height=\"1365\" srcset=\"http:\/\/www.rincondelbulla.cl\/portal\/wp-content\/uploads\/2015\/08\/Ubilla-Gol.jpg 2048w, http:\/\/www.rincondelbulla.cl\/portal\/wp-content\/uploads\/2015\/08\/Ubilla-Gol-300x200.jpg 300w, http:\/\/www.rincondelbulla.cl\/portal\/wp-content\/uploads\/2015\/08\/Ubilla-Gol-768x512.jpg 768w, http:\/\/www.rincondelbulla.cl\/portal\/wp-content\/uploads\/2015\/08\/Ubilla-Gol-1200x800.jpg 1200w, http:\/\/www.rincondelbulla.cl\/portal\/wp-content\/uploads\/2015\/08\/Ubilla-Gol-696x464.jpg 696w, http:\/\/www.rincondelbulla.cl\/portal\/wp-content\/uploads\/2015\/08\/Ubilla-Gol-1068x712.jpg 1068w, http:\/\/www.rincondelbulla.cl\/portal\/wp-content\/uploads\/2015\/08\/Ubilla-Gol-630x420.jpg 630w\" sizes=\"auto, (max-width: 2048px) 100vw, 2048px\" \/><figcaption id=\"caption-attachment-7516\" class=\"wp-caption-text\">Foto: Patricio Gonz\u00e1lez<\/figcaption><\/figure>\n<p><strong>El delantero manten\u00eda molestias tras la operaci\u00f3n por la fractura que sufri\u00f3 en abril de 2016.<\/strong><!--more--><\/p>\n<p>Sebasti\u00e1n Ubilla debi\u00f3 dejar atr\u00e1s r\u00e1pidamente la celebraci\u00f3n de la estrella \u00ab18\u00bb de Universidad de Chile y este lunes entr\u00f3 al quir\u00f3fano una vez m\u00e1s, esta vez para superar una dolencia acarreada desde su grave lesi\u00f3n anterior.<\/p>\n<p>Este lunes, el delantero fue intervenido con \u00e9xito para retirar uno de los pernos, colocados tras la lesi\u00f3n de tibia y peron\u00e9 producida en abril de 2016, que lo manten\u00eda con constantes dolores, inflamaciones y que lo obligaba a infiltrarse durante algunos partidos de este Clausura y en otras nisiquiera pod\u00eda ser alternativa.<\/p>\n<p>Esta operaci\u00f3n oblig\u00f3 a Ubilla a ausentarse este lunes de la foto oficial del campe\u00f3n y del posterior asado de camarader\u00eda entre el plantel y funcionarios en el CDA.<\/p>\n<p>Se espera que el \u00abConejo\u00bb evolucione positivamente de esta intervenci\u00f3n y ya estar\u00eda en condiciones de volver a las pr\u00e1cticas a mitad de junio, cuando se iniciar\u00eda la pretemporada de los azules.<\/p>\n","protected":false},"excerpt":{"rendered":"<p>El delantero manten\u00eda molestias tras la operaci\u00f3n por la fractura que sufri\u00f3 en abril de 2016.<\/p>\n","protected":false},"author":21382,"featured_media":11239,"comment_status":"closed","ping_status":"open","sticky":false,"template":"","format":"standard","meta":{"footnotes":""},"categories":[18],"tags":[454,1082,1083,157,118,1005,294,156],"class_list":{"0":"post-11601","1":"post","2":"type-post","3":"status-publish","4":"format-standard","5":"has-post-thumbnail","7":"category-actualidad","8":"tag-actualidad","9":"tag-conejo","10":"tag-operacion","11":"tag-portada","12":"tag-sebastian-ubilla","13":"tag-torneo-clausura-2016-2017","14":"tag-u-de-chile","15":"tag-universidad-de-chile"},"_links":{"self":[{"href":"http:\/\/www.rincondelbulla.cl\/portal\/wp-json\/wp\/v2\/posts\/11601","targetHints":{"allow":["GET"]}}],"collection":[{"href":"http:\/\/www.rincondelbulla.cl\/portal\/wp-json\/wp\/v2\/posts"}],"about":[{"href":"http:\/\/www.rincondelbulla.cl\/portal\/wp-json\/wp\/v2\/types\/post"}],"author":[{"embeddable":true,"href":"http:\/\/www.rincondelbulla.cl\/portal\/wp-json\/wp\/v2\/users\/21382"}],"replies":[{"embeddable":true,"href":"http:\/\/www.rincondelbulla.cl\/portal\/wp-json\/wp\/v2\/comments?post=11601"}],"version-history":[{"count":1,"href":"http:\/\/www.rincondelbulla.cl\/portal\/wp-json\/wp\/v2\/posts\/11601\/revisions"}],"predecessor-version":[{"id":11602,"href":"http:\/\/www.rincondelbulla.cl\/portal\/wp-json\/wp\/v2\/posts\/11601\/revisions\/11602"}],"wp:featuredmedia":[{"embeddable":true,"href":"http:\/\/www.rincondelbulla.cl\/portal\/wp-json\/wp\/v2\/media\/11239"}],"wp:attachment":[{"href":"http:\/\/www.rincondelbulla.cl\/portal\/wp-json\/wp\/v2\/media?parent=11601"}],"wp:term":[{"taxonomy":"category","embeddable":true,"href":"http:\/\/www.rincondelbulla.cl\/portal\/wp-json\/wp\/v2\/categories?post=11601"},{"taxonomy":"post_tag","embeddable":true,"href":"http:\/\/www.rincondelbulla.cl\/portal\/wp-json\/wp\/v2\/tags?post=11601"}],"curies":[{"name":"wp","href":"https:\/\/api.w.org\/{rel}","templated":true}]}}