{"id":11629,"date":"2017-05-30T12:46:00","date_gmt":"2017-05-30T16:46:00","guid":{"rendered":"http:\/\/www.rincondelbulla.cl\/portal\/?p=11629"},"modified":"2017-05-30T12:46:00","modified_gmt":"2017-05-30T16:46:00","slug":"no-hay-lugar-para-martinez","status":"publish","type":"post","link":"http:\/\/www.rincondelbulla.cl\/portal\/2017\/05\/30\/no-hay-lugar-para-martinez\/","title":{"rendered":"No hay lugar para Mart\u00ednez"},"content":{"rendered":"<figure id=\"attachment_10242\" aria-describedby=\"caption-attachment-10242\" style=\"width: 1000px\" class=\"wp-caption alignnone\"><img loading=\"lazy\" decoding=\"async\" class=\"size-full wp-image-10242\" src=\"http:\/\/www.rincondelbulla.cl\/portal\/wp-content\/uploads\/2016\/08\/13.jpg\" alt=\"\" width=\"1000\" height=\"667\" srcset=\"http:\/\/www.rincondelbulla.cl\/portal\/wp-content\/uploads\/2016\/08\/13.jpg 1000w, http:\/\/www.rincondelbulla.cl\/portal\/wp-content\/uploads\/2016\/08\/13-300x200.jpg 300w, http:\/\/www.rincondelbulla.cl\/portal\/wp-content\/uploads\/2016\/08\/13-768x512.jpg 768w, http:\/\/www.rincondelbulla.cl\/portal\/wp-content\/uploads\/2016\/08\/13-696x464.jpg 696w, http:\/\/www.rincondelbulla.cl\/portal\/wp-content\/uploads\/2016\/08\/13-630x420.jpg 630w\" sizes=\"auto, (max-width: 1000px) 100vw, 1000px\" \/><figcaption id=\"caption-attachment-10242\" class=\"wp-caption-text\">Foto: Claudio C\u00e1ceres<\/figcaption><\/figure>\n<p>Sebasti\u00e1n Mart\u00ednez tiene todo listo para partir a pr\u00e9stamo a Deportes Iquique donde espera tener la regularidad necesaria para poder volver a Universidad de Chile y pelear un puesto de titular en la oncena de Hoyos, t\u00e9cnico que no lo mand\u00f3 al campo de juego ni un solo minuto en el torneo donde los azules se coronaron campeones. <\/p>\n<p>Mart\u00ednez debut\u00f3, de forma profesional ,con 18 a\u00f1os  por Universidad de Chile el 22 de Octubre del 2011 cuando reemplaz\u00f3 a Gabriel Vargas en partido frente a Palestino. De ah\u00ed en m\u00e1s y a casi 6 a\u00f1os nunca logr\u00f3 capturar la titularidad absoluta en el equipo de sus amores. Adem\u00e1s se ha desempe\u00f1ado de forma correcta en posiciones que no son la natural del jugador formado en el CDA, ha sido utilizado como lateral por la izquierda o por la derecha. Participo del mundial sub 20 de Turquia 2013, adem\u00e1s ha sido nominado en 3 ocasiones a la selecci\u00f3n adulta que en ese entonces era dirigida por Jorge Sampaoli, e hizo el debut por la \u201cRoja\u201d frente a Hait\u00ed el 10 de septiembre del 2014. <\/p>\n<p>El \u201cChinito\u201d, apodo que hered\u00f3 de su hermano Christian Mart\u00ednez, siempre debi\u00f3 luchar por un puesto en los azules, primero ve\u00eda desde el banco de suplentes como rend\u00eda dentro de la cancha Marcelo D\u00edaz, luego Ezequiel Videla, Guzm\u00e1n Pereira y desde el a\u00f1o pasado a Lorenzo Reyes. Parece que lo mejor para el volante central es partir a pr\u00e9stamo, tal como lo hizo su hermano para encontrar la regularidad deseada.<\/p>\n","protected":false},"excerpt":{"rendered":"<p>Sebasti\u00e1n Mart\u00ednez tiene todo listo para partir a pr\u00e9stamo a Deportes Iquique donde espera tener la regularidad necesaria para poder volver a Universidad de Chile y pelear un puesto de titular en la oncena de Hoyos, t\u00e9cnico que no lo mand\u00f3 al campo de juego ni un solo minuto en el torneo donde los azules [&#8230;]<\/p>\n","protected":false},"author":21381,"featured_media":10242,"comment_status":"closed","ping_status":"open","sticky":false,"template":"","format":"standard","meta":{"footnotes":""},"categories":[18],"tags":[1006,241,388,109,156],"class_list":{"0":"post-11629","1":"post","2":"type-post","3":"status-publish","4":"format-standard","5":"has-post-thumbnail","7":"category-actualidad","8":"tag-guillermo-hoyos","9":"tag-movidas-azules","10":"tag-seba-martinez","11":"tag-sebastian-martinez","12":"tag-universidad-de-chile"},"_links":{"self":[{"href":"http:\/\/www.rincondelbulla.cl\/portal\/wp-json\/wp\/v2\/posts\/11629","targetHints":{"allow":["GET"]}}],"collection":[{"href":"http:\/\/www.rincondelbulla.cl\/portal\/wp-json\/wp\/v2\/posts"}],"about":[{"href":"http:\/\/www.rincondelbulla.cl\/portal\/wp-json\/wp\/v2\/types\/post"}],"author":[{"embeddable":true,"href":"http:\/\/www.rincondelbulla.cl\/portal\/wp-json\/wp\/v2\/users\/21381"}],"replies":[{"embeddable":true,"href":"http:\/\/www.rincondelbulla.cl\/portal\/wp-json\/wp\/v2\/comments?post=11629"}],"version-history":[{"count":1,"href":"http:\/\/www.rincondelbulla.cl\/portal\/wp-json\/wp\/v2\/posts\/11629\/revisions"}],"predecessor-version":[{"id":11630,"href":"http:\/\/www.rincondelbulla.cl\/portal\/wp-json\/wp\/v2\/posts\/11629\/revisions\/11630"}],"wp:featuredmedia":[{"embeddable":true,"href":"http:\/\/www.rincondelbulla.cl\/portal\/wp-json\/wp\/v2\/media\/10242"}],"wp:attachment":[{"href":"http:\/\/www.rincondelbulla.cl\/portal\/wp-json\/wp\/v2\/media?parent=11629"}],"wp:term":[{"taxonomy":"category","embeddable":true,"href":"http:\/\/www.rincondelbulla.cl\/portal\/wp-json\/wp\/v2\/categories?post=11629"},{"taxonomy":"post_tag","embeddable":true,"href":"http:\/\/www.rincondelbulla.cl\/portal\/wp-json\/wp\/v2\/tags?post=11629"}],"curies":[{"name":"wp","href":"https:\/\/api.w.org\/{rel}","templated":true}]}}