{"id":11655,"date":"2017-06-08T00:00:19","date_gmt":"2017-06-08T04:00:19","guid":{"rendered":"http:\/\/www.rincondelbulla.cl\/portal\/?p=11655"},"modified":"2017-06-08T00:00:19","modified_gmt":"2017-06-08T04:00:19","slug":"editorial-10-anos-junto-a-la-u","status":"publish","type":"post","link":"http:\/\/www.rincondelbulla.cl\/portal\/2017\/06\/08\/editorial-10-anos-junto-a-la-u\/","title":{"rendered":"Editorial: 10 a\u00f1os junto a la \u00abU\u00bb"},"content":{"rendered":"<p>Nacido en el 2007 como un sitio de informaci\u00f3n, Rinc\u00f3n del Bulla lleg\u00f3 a las redes azules pensando\u00a0en poder plasmar y generar informaci\u00f3n de inter\u00e9s, hecho por y para bullangueros.<\/p>\n<p>Con el correr del tiempo este sitio web gener\u00f3 una marca propia. Rinc\u00f3n del Bulla comenz\u00f3 su \u00e9poca de profesionalizaci\u00f3n, contando con la acreditaci\u00f3n de la ANFP como un medio de periodismo, pero siempre manteniendo nuestra esencia de \u00abmedio partidario\u00bb.<\/p>\n<p><strong>Durante estos 10 a\u00f1os han desfilado por nuestro sitio estudiantes, periodistas, fot\u00f3grafos e hinchas que por simple vocaci\u00f3n han golpeado nuestras puertas, solo con la intenci\u00f3n de colaborar<\/strong>. Todos quienes mantenemos este sitio lo hacemos solo por amor a nuestro equipo, haciendo parte de nuestros tiempos libres, la necesidad de informar de los intereses del hincha azul.<\/p>\n<p><strong>Rinc\u00f3n del Bulla se ha caracterizado por ser un sitio autofinanciado<\/strong> por quienes trabajan en \u00e9l, contando en puntuales ocasiones con aportes externos, pero que nunca han coartado nuestra libertad de expresi\u00f3n y que nunca lo har\u00e1n. Nunca nos hemos abanderizado ni por las sociedades an\u00f3nimas ni por alguna corriente pol\u00edtica, <strong>a este sitio web lo mueve el amor por la \u00abU\u00bb<\/strong>.<\/p>\n<p><strong>En su d\u00e9cimo aniversario, Rinc\u00f3n del Bulla viene a reafirmar su compromiso con el equipo y la hinchada azul<\/strong>. Con nuestros aciertos y errores, esperamos seguir firmes junto a ustedes, siempre con el mayor profesionalismo que nos sea posible.<\/p>\n<p style=\"text-align: center;\"><strong>Staff Rinc\u00f3n del Bulla<\/strong><\/p>\n<p style=\"text-align: center;\"><strong>10 a\u00f1os firme junto al pueblo azul<\/strong><\/p>\n","protected":false},"excerpt":{"rendered":"<p>Nacido en el 2007 como un sitio de informaci\u00f3n, Rinc\u00f3n del Bulla lleg\u00f3 a las redes azules pensando\u00a0en poder plasmar y generar informaci\u00f3n de inter\u00e9s, hecho por y para bullangueros. Con el correr del tiempo este sitio web gener\u00f3 una marca propia. Rinc\u00f3n del Bulla comenz\u00f3 su \u00e9poca de profesionalizaci\u00f3n, contando con la acreditaci\u00f3n de [&#8230;]<\/p>\n","protected":false},"author":65,"featured_media":11659,"comment_status":"closed","ping_status":"open","sticky":false,"template":"","format":"standard","meta":{"footnotes":""},"categories":[18],"tags":[1097,401,294],"class_list":{"0":"post-11655","1":"post","2":"type-post","3":"status-publish","4":"format-standard","5":"has-post-thumbnail","7":"category-actualidad","8":"tag-10-anos","9":"tag-rincondelbulla","10":"tag-u-de-chile"},"_links":{"self":[{"href":"http:\/\/www.rincondelbulla.cl\/portal\/wp-json\/wp\/v2\/posts\/11655","targetHints":{"allow":["GET"]}}],"collection":[{"href":"http:\/\/www.rincondelbulla.cl\/portal\/wp-json\/wp\/v2\/posts"}],"about":[{"href":"http:\/\/www.rincondelbulla.cl\/portal\/wp-json\/wp\/v2\/types\/post"}],"author":[{"embeddable":true,"href":"http:\/\/www.rincondelbulla.cl\/portal\/wp-json\/wp\/v2\/users\/65"}],"replies":[{"embeddable":true,"href":"http:\/\/www.rincondelbulla.cl\/portal\/wp-json\/wp\/v2\/comments?post=11655"}],"version-history":[{"count":4,"href":"http:\/\/www.rincondelbulla.cl\/portal\/wp-json\/wp\/v2\/posts\/11655\/revisions"}],"predecessor-version":[{"id":11661,"href":"http:\/\/www.rincondelbulla.cl\/portal\/wp-json\/wp\/v2\/posts\/11655\/revisions\/11661"}],"wp:featuredmedia":[{"embeddable":true,"href":"http:\/\/www.rincondelbulla.cl\/portal\/wp-json\/wp\/v2\/media\/11659"}],"wp:attachment":[{"href":"http:\/\/www.rincondelbulla.cl\/portal\/wp-json\/wp\/v2\/media?parent=11655"}],"wp:term":[{"taxonomy":"category","embeddable":true,"href":"http:\/\/www.rincondelbulla.cl\/portal\/wp-json\/wp\/v2\/categories?post=11655"},{"taxonomy":"post_tag","embeddable":true,"href":"http:\/\/www.rincondelbulla.cl\/portal\/wp-json\/wp\/v2\/tags?post=11655"}],"curies":[{"name":"wp","href":"https:\/\/api.w.org\/{rel}","templated":true}]}}