{"id":11662,"date":"2017-06-11T16:38:36","date_gmt":"2017-06-11T20:38:36","guid":{"rendered":"http:\/\/www.rincondelbulla.cl\/portal\/?p=11662"},"modified":"2017-06-11T16:45:00","modified_gmt":"2017-06-11T20:45:00","slug":"espinoza-se-aleja-de-mexico","status":"publish","type":"post","link":"http:\/\/www.rincondelbulla.cl\/portal\/2017\/06\/11\/espinoza-se-aleja-de-mexico\/","title":{"rendered":"Espinoza se aleja de M\u00e9xico"},"content":{"rendered":"<figure id=\"attachment_8629\" aria-describedby=\"caption-attachment-8629\" style=\"width: 1100px\" class=\"wp-caption aligncenter\"><img loading=\"lazy\" decoding=\"async\" class=\"size-full wp-image-8629\" src=\"http:\/\/www.rincondelbulla.cl\/portal\/wp-content\/uploads\/2016\/03\/espinozaunion.jpg\" alt=\"\" width=\"1100\" height=\"733\" srcset=\"http:\/\/www.rincondelbulla.cl\/portal\/wp-content\/uploads\/2016\/03\/espinozaunion.jpg 1100w, http:\/\/www.rincondelbulla.cl\/portal\/wp-content\/uploads\/2016\/03\/espinozaunion-300x200.jpg 300w, http:\/\/www.rincondelbulla.cl\/portal\/wp-content\/uploads\/2016\/03\/espinozaunion-768x512.jpg 768w, http:\/\/www.rincondelbulla.cl\/portal\/wp-content\/uploads\/2016\/03\/espinozaunion-696x464.jpg 696w, http:\/\/www.rincondelbulla.cl\/portal\/wp-content\/uploads\/2016\/03\/espinozaunion-1068x712.jpg 1068w, http:\/\/www.rincondelbulla.cl\/portal\/wp-content\/uploads\/2016\/03\/espinozaunion-630x420.jpg 630w\" sizes=\"auto, (max-width: 1100px) 100vw, 1100px\" \/><figcaption id=\"caption-attachment-8629\" class=\"wp-caption-text\">Gonzalo Espinoza &#8211; Foto: Photosport<\/figcaption><\/figure>\n<p><strong>Seg\u00fan medios aztecas el volante azul habr\u00eda dejado de ser prioridad para Pumas por lo que podr\u00eda continuar en la Universidad de Chile.<\/strong><\/p>\n<p><!--more--><\/p>\n<p>Pese a que en la semana varios medios informaron que la llegada de Gonzalo Espinoza a M\u00e9xico era casi un hecho, hoy el equipo que lo pretend\u00eda, <strong>Pumas, habr\u00eda decidido desechar la opci\u00f3n del chileno.<\/strong> Esto, seg\u00fan el periodista de AS MX, Cristi\u00e1n Rivas, debido a que el cuadro mexicano decidi\u00f3 renovarle el contrato a Abraham Gonz\u00e1lez, actual volante de corte del equipo.<\/p>\n<blockquote class=\"twitter-tweet\">\n<p dir=\"ltr\" lang=\"es\">Con la renovaci\u00f3n de Abraham Gonz\u00e1lez, y la poca capacidad financiera de <a href=\"https:\/\/twitter.com\/hashtag\/Pumas?src=hash\">#Pumas<\/a>, ya vayan descartando la llegada de Gonzalo Espinoza &#x1f1e8;&#x1f1f1; a CU<\/p>\n<p>\u2014 Cristian Rivas (@cmrivass) <a href=\"https:\/\/twitter.com\/cmrivass\/status\/872578764231856129\">7 de junio de 2017<\/a><\/p><\/blockquote>\n<p>De esta forma <strong>la opci\u00f3n Pumas queda descartada para Espinoza<\/strong> que podr\u00eda continuar en la U en caso de no recibir una nueva oferta llamativa.<\/p>\n<p>Cabe se\u00f1alar que quien aparec\u00eda como posible reemplazante del \u00abbulldog\u00bb, <strong>Felipe Seymour, sigue siendo opci\u00f3n<\/strong> para la directiva azul que lo considerar\u00eda ante la partida de Lorenzo Reyes.<\/p>\n","protected":false},"excerpt":{"rendered":"<p>Seg\u00fan medios aztecas el volante azul habr\u00eda dejado de ser prioridad para Pumas por lo que podr\u00eda continuar en la Universidad de Chile.<\/p>\n","protected":false},"author":21383,"featured_media":11663,"comment_status":"closed","ping_status":"open","sticky":false,"template":"","format":"standard","meta":{"footnotes":""},"categories":[18,20],"tags":[261,157,1098,294,156],"class_list":{"0":"post-11662","1":"post","2":"type-post","3":"status-publish","4":"format-standard","5":"has-post-thumbnail","7":"category-actualidad","8":"category-avisos","9":"tag-gonzalo-espinoza","10":"tag-portada","11":"tag-pumas","12":"tag-u-de-chile","13":"tag-universidad-de-chile"},"_links":{"self":[{"href":"http:\/\/www.rincondelbulla.cl\/portal\/wp-json\/wp\/v2\/posts\/11662","targetHints":{"allow":["GET"]}}],"collection":[{"href":"http:\/\/www.rincondelbulla.cl\/portal\/wp-json\/wp\/v2\/posts"}],"about":[{"href":"http:\/\/www.rincondelbulla.cl\/portal\/wp-json\/wp\/v2\/types\/post"}],"author":[{"embeddable":true,"href":"http:\/\/www.rincondelbulla.cl\/portal\/wp-json\/wp\/v2\/users\/21383"}],"replies":[{"embeddable":true,"href":"http:\/\/www.rincondelbulla.cl\/portal\/wp-json\/wp\/v2\/comments?post=11662"}],"version-history":[{"count":4,"href":"http:\/\/www.rincondelbulla.cl\/portal\/wp-json\/wp\/v2\/posts\/11662\/revisions"}],"predecessor-version":[{"id":11667,"href":"http:\/\/www.rincondelbulla.cl\/portal\/wp-json\/wp\/v2\/posts\/11662\/revisions\/11667"}],"wp:featuredmedia":[{"embeddable":true,"href":"http:\/\/www.rincondelbulla.cl\/portal\/wp-json\/wp\/v2\/media\/11663"}],"wp:attachment":[{"href":"http:\/\/www.rincondelbulla.cl\/portal\/wp-json\/wp\/v2\/media?parent=11662"}],"wp:term":[{"taxonomy":"category","embeddable":true,"href":"http:\/\/www.rincondelbulla.cl\/portal\/wp-json\/wp\/v2\/categories?post=11662"},{"taxonomy":"post_tag","embeddable":true,"href":"http:\/\/www.rincondelbulla.cl\/portal\/wp-json\/wp\/v2\/tags?post=11662"}],"curies":[{"name":"wp","href":"https:\/\/api.w.org\/{rel}","templated":true}]}}