{"id":11707,"date":"2017-07-03T10:21:05","date_gmt":"2017-07-03T14:21:05","guid":{"rendered":"http:\/\/www.rincondelbulla.cl\/portal\/?p=11707"},"modified":"2017-07-03T10:21:05","modified_gmt":"2017-07-03T14:21:05","slug":"importante-reunion-definiria-regreso-de-seymour","status":"publish","type":"post","link":"http:\/\/www.rincondelbulla.cl\/portal\/2017\/07\/03\/importante-reunion-definiria-regreso-de-seymour\/","title":{"rendered":"Importante reuni\u00f3n definir\u00eda regreso de Seymour"},"content":{"rendered":"<p><img loading=\"lazy\" decoding=\"async\" class=\"alignnone wp-image-4074\" src=\"http:\/\/www.rincondelbulla.cl\/portal\/wp-content\/uploads\/2011\/06\/08fdee26dc54c68dc985651dbe4d24b3.jpg\" alt=\"Foto: Photosport\" width=\"700\" height=\"397\" srcset=\"http:\/\/www.rincondelbulla.cl\/portal\/wp-content\/uploads\/2011\/06\/08fdee26dc54c68dc985651dbe4d24b3.jpg 600w, http:\/\/www.rincondelbulla.cl\/portal\/wp-content\/uploads\/2011\/06\/08fdee26dc54c68dc985651dbe4d24b3-300x170.jpg 300w\" sizes=\"auto, (max-width: 700px) 100vw, 700px\" \/><\/p>\n<p><strong>El jugador que actualmente milita en Uni\u00f3n Espa\u00f1ola, podr\u00eda sellar su retorno en las pr\u00f3ximas horas.<\/strong><!--more--><\/p>\n<p>Lo que el fin de semana recorri\u00f3 redes sociales como un fuerte rumor, hoy puede quedar consolidado. Este lunes, Azul Azul tendr\u00eda agendada una reuni\u00f3n con Felipe Seymour para que vuelva a Universidad de Chile, tras su partida al f\u00fatbol extranjero a mediados de 2011.<\/p>\n<p>Seg\u00fan se ha informado, Seymour ya tendr\u00eda acordado lo econ\u00f3mico con los azules, quienes le habr\u00edan ofrecido un contrato por 18 meses. \u201cWalala\u201d aparece como la principal alternativa para reemplazar en el mediocampo a Gonzalo Espinoza, quien inminentemente partir\u00eda al f\u00fatbol turco tras una millonaria oferta.<\/p>\n","protected":false},"excerpt":{"rendered":"<p>El jugador que actualmente milita en Uni\u00f3n Espa\u00f1ola, podr\u00eda sellar su retorno en las pr\u00f3ximas horas.<\/p>\n","protected":false},"author":21382,"featured_media":3977,"comment_status":"closed","ping_status":"open","sticky":false,"template":"","format":"standard","meta":{"footnotes":""},"categories":[18],"tags":[454,52,261,157,294,470,156],"class_list":{"0":"post-11707","1":"post","2":"type-post","3":"status-publish","4":"format-standard","5":"has-post-thumbnail","7":"category-actualidad","8":"tag-actualidad","9":"tag-felipe-seymour","10":"tag-gonzalo-espinoza","11":"tag-portada","13":"tag-union-espanola","14":"tag-universidad-de-chile"},"_links":{"self":[{"href":"http:\/\/www.rincondelbulla.cl\/portal\/wp-json\/wp\/v2\/posts\/11707","targetHints":{"allow":["GET"]}}],"collection":[{"href":"http:\/\/www.rincondelbulla.cl\/portal\/wp-json\/wp\/v2\/posts"}],"about":[{"href":"http:\/\/www.rincondelbulla.cl\/portal\/wp-json\/wp\/v2\/types\/post"}],"author":[{"embeddable":true,"href":"http:\/\/www.rincondelbulla.cl\/portal\/wp-json\/wp\/v2\/users\/21382"}],"replies":[{"embeddable":true,"href":"http:\/\/www.rincondelbulla.cl\/portal\/wp-json\/wp\/v2\/comments?post=11707"}],"version-history":[{"count":1,"href":"http:\/\/www.rincondelbulla.cl\/portal\/wp-json\/wp\/v2\/posts\/11707\/revisions"}],"predecessor-version":[{"id":11708,"href":"http:\/\/www.rincondelbulla.cl\/portal\/wp-json\/wp\/v2\/posts\/11707\/revisions\/11708"}],"wp:featuredmedia":[{"embeddable":true,"href":"http:\/\/www.rincondelbulla.cl\/portal\/wp-json\/wp\/v2\/media\/3977"}],"wp:attachment":[{"href":"http:\/\/www.rincondelbulla.cl\/portal\/wp-json\/wp\/v2\/media?parent=11707"}],"wp:term":[{"taxonomy":"category","embeddable":true,"href":"http:\/\/www.rincondelbulla.cl\/portal\/wp-json\/wp\/v2\/categories?post=11707"},{"taxonomy":"post_tag","embeddable":true,"href":"http:\/\/www.rincondelbulla.cl\/portal\/wp-json\/wp\/v2\/tags?post=11707"}],"curies":[{"name":"wp","href":"https:\/\/api.w.org\/{rel}","templated":true}]}}