{"id":11789,"date":"2017-07-22T23:04:23","date_gmt":"2017-07-23T03:04:23","guid":{"rendered":"http:\/\/www.rincondelbulla.cl\/portal\/?p=11789"},"modified":"2017-07-22T23:04:23","modified_gmt":"2017-07-23T03:04:23","slug":"la-alegria-de-hoyos-tras-avanzar-en-copa-chile","status":"publish","type":"post","link":"http:\/\/www.rincondelbulla.cl\/portal\/2017\/07\/22\/la-alegria-de-hoyos-tras-avanzar-en-copa-chile\/","title":{"rendered":"La alegr\u00eda de Hoyos tras avanzar en Copa Chile"},"content":{"rendered":"<p><img loading=\"lazy\" decoding=\"async\" class=\"alignnone size-full wp-image-11790\" src=\"http:\/\/www.rincondelbulla.cl\/portal\/wp-content\/uploads\/2017\/07\/Hoyos-Conferencia-Nacional.jpg\" alt=\"\" width=\"1244\" height=\"700\" srcset=\"http:\/\/www.rincondelbulla.cl\/portal\/wp-content\/uploads\/2017\/07\/Hoyos-Conferencia-Nacional.jpg 1244w, http:\/\/www.rincondelbulla.cl\/portal\/wp-content\/uploads\/2017\/07\/Hoyos-Conferencia-Nacional-300x169.jpg 300w, http:\/\/www.rincondelbulla.cl\/portal\/wp-content\/uploads\/2017\/07\/Hoyos-Conferencia-Nacional-768x432.jpg 768w, http:\/\/www.rincondelbulla.cl\/portal\/wp-content\/uploads\/2017\/07\/Hoyos-Conferencia-Nacional-1200x675.jpg 1200w, http:\/\/www.rincondelbulla.cl\/portal\/wp-content\/uploads\/2017\/07\/Hoyos-Conferencia-Nacional-696x392.jpg 696w, http:\/\/www.rincondelbulla.cl\/portal\/wp-content\/uploads\/2017\/07\/Hoyos-Conferencia-Nacional-1068x601.jpg 1068w, http:\/\/www.rincondelbulla.cl\/portal\/wp-content\/uploads\/2017\/07\/Hoyos-Conferencia-Nacional-746x420.jpg 746w\" sizes=\"auto, (max-width: 1244px) 100vw, 1244px\" \/><\/p>\n<p><strong>El estratego se motr\u00f3 conforme con lo mostrado por el equipo y lament\u00f3 la lesi\u00f3n de Fernando De Paul.<\/strong><\/p>\n<p>Caras alegres tras el duelo en que el cuadro m\u00e1gico elimin\u00f3 a \u00d1ublense por dos goles a cero en el Nacional. Tras algunos minutos de espera lleg\u00f3 Hoyos a la sala de conferencia y se refiri\u00f3 al duelo ante los Diablos Rojos.<\/p>\n<p>\u201cFueron dos partidos muy intensos, \u00d1ublense siempre estuvo competitivo, les deseo una muy buena temporada. Nuestro equipo pasa una eliminatoria importante, no era nada f\u00e1cil pasar\u00bb.<\/p>\n<p>Hoy el tema de los goles qued\u00f3 algo de lado debido a la lesi\u00f3n que tuvo antes de terminar el primer tiempo el portero Fernando De Pa\u00fal, el cual fue reemplazado por el joven Gonzalo Collao, de buen cometido:\u00a0\u00abLe deseamos la fuerza y pronta recuperaci\u00f3n a Fernando.\u00a0Ma\u00f1ana se le realizar\u00e1n los estudios para saber la gravedad de su lesi\u00f3n.\u00a0Ahora, sobre Collao, no es f\u00e1cil entrar a un equipo de la magnitud de la U.\u00a0Es muy joven y tiene un muy buen futuro.\u00a0El arco de la U es, a trav\u00e9s de tantos a\u00f1os, muy dif\u00edcil. Reemplazar a un arquero como Johnny es muy dif\u00edcil\u00bb.<\/p>\n<p>Uno de los jugadores que fue criticado y que incluso se hablaba de transferible, esta jornada anot\u00f3 la segunda diana del partido, Leandro Benegas, respecto a este, el DT dijo que:\u00a0\u201cLeandro ha hecho un trabajo silencioso enorme. Lo busca, lo trabaja. Y tambi\u00e9n agradecerle a Seymour que haya tenido la valent\u00eda de esperar los tiempos para llegar aqu\u00ed. Es un aporte a la instituci\u00f3n, al equipo. Puede sumar a todo el grupo\u201d.<\/p>\n<p>Finalmente, sobre la llegada de Mauricio Pinilla, qui\u00e9n adem\u00e1s estuvo en el estadio y vio el partido junto a Diego Rivarola, coment\u00f3 que:\u00a0\u201cFelicitarlo a Mauricio, por todo el esfuerzo que hizo para llegar a la \u2018U\u2019, conoce la casa y a muchos de sus compa\u00f1eros. El lunes tiene una peque\u00f1a revisi\u00f3n, se har\u00e1 algunas pruebas, y el martes tiene una presentaci\u00f3n (oficial). Estoy contento con \u00e9l y s\u00f3lo queda disfrutarlo como jugador y persona\u201d.<\/p>\n","protected":false},"excerpt":{"rendered":"<p>El estratego se motr\u00f3 conforme con lo mostrado por el equipo y lament\u00f3 la lesi\u00f3n de Fernando De Paul. Caras alegres tras el duelo en que el cuadro m\u00e1gico elimin\u00f3 a \u00d1ublense por dos goles a cero en el Nacional. Tras algunos minutos de espera lleg\u00f3 Hoyos a la sala de conferencia y se refiri\u00f3 [&#8230;]<\/p>\n","protected":false},"author":21395,"featured_media":11790,"comment_status":"closed","ping_status":"open","sticky":false,"template":"","format":"standard","meta":{"footnotes":""},"categories":[18],"tags":[],"class_list":{"0":"post-11789","1":"post","2":"type-post","3":"status-publish","4":"format-standard","5":"has-post-thumbnail","7":"category-actualidad"},"_links":{"self":[{"href":"http:\/\/www.rincondelbulla.cl\/portal\/wp-json\/wp\/v2\/posts\/11789","targetHints":{"allow":["GET"]}}],"collection":[{"href":"http:\/\/www.rincondelbulla.cl\/portal\/wp-json\/wp\/v2\/posts"}],"about":[{"href":"http:\/\/www.rincondelbulla.cl\/portal\/wp-json\/wp\/v2\/types\/post"}],"author":[{"embeddable":true,"href":"http:\/\/www.rincondelbulla.cl\/portal\/wp-json\/wp\/v2\/users\/21395"}],"replies":[{"embeddable":true,"href":"http:\/\/www.rincondelbulla.cl\/portal\/wp-json\/wp\/v2\/comments?post=11789"}],"version-history":[{"count":1,"href":"http:\/\/www.rincondelbulla.cl\/portal\/wp-json\/wp\/v2\/posts\/11789\/revisions"}],"predecessor-version":[{"id":11791,"href":"http:\/\/www.rincondelbulla.cl\/portal\/wp-json\/wp\/v2\/posts\/11789\/revisions\/11791"}],"wp:featuredmedia":[{"embeddable":true,"href":"http:\/\/www.rincondelbulla.cl\/portal\/wp-json\/wp\/v2\/media\/11790"}],"wp:attachment":[{"href":"http:\/\/www.rincondelbulla.cl\/portal\/wp-json\/wp\/v2\/media?parent=11789"}],"wp:term":[{"taxonomy":"category","embeddable":true,"href":"http:\/\/www.rincondelbulla.cl\/portal\/wp-json\/wp\/v2\/categories?post=11789"},{"taxonomy":"post_tag","embeddable":true,"href":"http:\/\/www.rincondelbulla.cl\/portal\/wp-json\/wp\/v2\/tags?post=11789"}],"curies":[{"name":"wp","href":"https:\/\/api.w.org\/{rel}","templated":true}]}}