{"id":11800,"date":"2017-07-23T13:02:19","date_gmt":"2017-07-23T17:02:19","guid":{"rendered":"http:\/\/www.rincondelbulla.cl\/portal\/?p=11800"},"modified":"2017-07-23T13:02:19","modified_gmt":"2017-07-23T17:02:19","slug":"pizarro-fue-un-buen-inicio-y-es-lo-que-buscabamos","status":"publish","type":"post","link":"http:\/\/www.rincondelbulla.cl\/portal\/2017\/07\/23\/pizarro-fue-un-buen-inicio-y-es-lo-que-buscabamos\/","title":{"rendered":"Pizarro: \u00abFue un buen inicio y es lo que busc\u00e1bamos\u00bb"},"content":{"rendered":"<p><img loading=\"lazy\" decoding=\"async\" class=\"alignleft size-full wp-image-11801\" src=\"http:\/\/www.rincondelbulla.cl\/portal\/wp-content\/uploads\/2017\/07\/David-Pizarro-ante-\u00d1ublense.jpg\" alt=\"\" width=\"1280\" height=\"853\" srcset=\"http:\/\/www.rincondelbulla.cl\/portal\/wp-content\/uploads\/2017\/07\/David-Pizarro-ante-\u00d1ublense.jpg 1280w, http:\/\/www.rincondelbulla.cl\/portal\/wp-content\/uploads\/2017\/07\/David-Pizarro-ante-\u00d1ublense-300x200.jpg 300w, http:\/\/www.rincondelbulla.cl\/portal\/wp-content\/uploads\/2017\/07\/David-Pizarro-ante-\u00d1ublense-768x512.jpg 768w, http:\/\/www.rincondelbulla.cl\/portal\/wp-content\/uploads\/2017\/07\/David-Pizarro-ante-\u00d1ublense-1200x800.jpg 1200w, http:\/\/www.rincondelbulla.cl\/portal\/wp-content\/uploads\/2017\/07\/David-Pizarro-ante-\u00d1ublense-696x464.jpg 696w, http:\/\/www.rincondelbulla.cl\/portal\/wp-content\/uploads\/2017\/07\/David-Pizarro-ante-\u00d1ublense-1068x712.jpg 1068w, http:\/\/www.rincondelbulla.cl\/portal\/wp-content\/uploads\/2017\/07\/David-Pizarro-ante-\u00d1ublense-630x420.jpg 630w\" sizes=\"auto, (max-width: 1280px) 100vw, 1280px\" \/><\/p>\n<p><strong>David Pizarro, quien se llev\u00f3 los aplausos por su extraordinario juego ayer, habl\u00f3 sobre el triunfo del Cuadro m\u00e1gico y el retorno de Mauricio Pinilla.<\/strong><\/p>\n<p>Tras la victoria al equipo chillanejo, el fantasista se mostr\u00f3 contento por lo logrado por la U: \u00abEs muy importante haber cerrado esta llave, sobre todo para lo que viene, que ser\u00e1 muy competitivo y duro. Fue un buen inicio y es lo que busc\u00e1bamos\u00bb.<\/p>\n<p>\u00abTenemos un plantel complet\u00edsimo, donde tenemos la sensaci\u00f3n de ser protagonistas, diferente a lo que fue el inicio del semestre pasado. Eso hay que asumirlo como club grande. Vamos a pelear y tratar de conseguir la mayor cantidad de triunfos\u00bb, agreg\u00f3 el volante que ingres\u00f3 en el segundo tiempo por Sebasti\u00e1n Ubilla.<\/p>\n<p>Consultado, en tanto, por la vuelta a la \u2018U\u2019 de Pinilla dijo que: \u00abes importante. Llega un jugador de casa. Mucha gente de la \u2018U\u2019 le conoce y esperamos que se ponga a disposici\u00f3n del t\u00e9cnico y del grupo. Lo van a hacer correr bastante\u00bb.<\/p>\n<p>\u00ab\u00c9l est\u00e1 muy bien, contento y feliz. Llega a casa y tiene todas las ganas de demostrar todo su valor\u00bb, finaliz\u00f3.<\/p>\n","protected":false},"excerpt":{"rendered":"<p>David Pizarro, quien se llev\u00f3 los aplausos por su extraordinario juego ayer, habl\u00f3 sobre el triunfo del Cuadro m\u00e1gico y el retorno de Mauricio Pinilla. Tras la victoria al equipo chillanejo, el fantasista se mostr\u00f3 contento por lo logrado por la U: \u00abEs muy importante haber cerrado esta llave, sobre todo para lo que viene, [&#8230;]<\/p>\n","protected":false},"author":21395,"featured_media":11801,"comment_status":"closed","ping_status":"open","sticky":false,"template":"","format":"standard","meta":{"footnotes":""},"categories":[18],"tags":[1116,111,156],"class_list":{"0":"post-11800","1":"post","2":"type-post","3":"status-publish","4":"format-standard","5":"has-post-thumbnail","7":"category-actualidad","8":"tag-cuadro-magico","9":"tag-david-pizarro","10":"tag-universidad-de-chile"},"_links":{"self":[{"href":"http:\/\/www.rincondelbulla.cl\/portal\/wp-json\/wp\/v2\/posts\/11800","targetHints":{"allow":["GET"]}}],"collection":[{"href":"http:\/\/www.rincondelbulla.cl\/portal\/wp-json\/wp\/v2\/posts"}],"about":[{"href":"http:\/\/www.rincondelbulla.cl\/portal\/wp-json\/wp\/v2\/types\/post"}],"author":[{"embeddable":true,"href":"http:\/\/www.rincondelbulla.cl\/portal\/wp-json\/wp\/v2\/users\/21395"}],"replies":[{"embeddable":true,"href":"http:\/\/www.rincondelbulla.cl\/portal\/wp-json\/wp\/v2\/comments?post=11800"}],"version-history":[{"count":1,"href":"http:\/\/www.rincondelbulla.cl\/portal\/wp-json\/wp\/v2\/posts\/11800\/revisions"}],"predecessor-version":[{"id":11802,"href":"http:\/\/www.rincondelbulla.cl\/portal\/wp-json\/wp\/v2\/posts\/11800\/revisions\/11802"}],"wp:featuredmedia":[{"embeddable":true,"href":"http:\/\/www.rincondelbulla.cl\/portal\/wp-json\/wp\/v2\/media\/11801"}],"wp:attachment":[{"href":"http:\/\/www.rincondelbulla.cl\/portal\/wp-json\/wp\/v2\/media?parent=11800"}],"wp:term":[{"taxonomy":"category","embeddable":true,"href":"http:\/\/www.rincondelbulla.cl\/portal\/wp-json\/wp\/v2\/categories?post=11800"},{"taxonomy":"post_tag","embeddable":true,"href":"http:\/\/www.rincondelbulla.cl\/portal\/wp-json\/wp\/v2\/tags?post=11800"}],"curies":[{"name":"wp","href":"https:\/\/api.w.org\/{rel}","templated":true}]}}