{"id":11849,"date":"2017-07-26T13:45:53","date_gmt":"2017-07-26T17:45:53","guid":{"rendered":"http:\/\/www.rincondelbulla.cl\/portal\/?p=11849"},"modified":"2017-07-26T13:48:57","modified_gmt":"2017-07-26T17:48:57","slug":"que-pasa-con-la-venta-de-entradas-para-curico-vs-u-de-chile","status":"publish","type":"post","link":"http:\/\/www.rincondelbulla.cl\/portal\/2017\/07\/26\/que-pasa-con-la-venta-de-entradas-para-curico-vs-u-de-chile\/","title":{"rendered":"\u00bfQu\u00e9 pasa con la venta de entradas para Curic\u00f3 vs U de Chile?"},"content":{"rendered":"<figure id=\"attachment_11850\" aria-describedby=\"caption-attachment-11850\" style=\"width: 692px\" class=\"wp-caption aligncenter\"><img loading=\"lazy\" decoding=\"async\" class=\" wp-image-11850\" src=\"http:\/\/www.rincondelbulla.cl\/portal\/wp-content\/uploads\/2017\/07\/La-Granja.jpeg\" alt=\"\" width=\"692\" height=\"389\" srcset=\"http:\/\/www.rincondelbulla.cl\/portal\/wp-content\/uploads\/2017\/07\/La-Granja.jpeg 512w, http:\/\/www.rincondelbulla.cl\/portal\/wp-content\/uploads\/2017\/07\/La-Granja-300x169.jpeg 300w\" sizes=\"auto, (max-width: 692px) 100vw, 692px\" \/><figcaption id=\"caption-attachment-11850\" class=\"wp-caption-text\">Fotograf\u00eda: MCU<\/figcaption><\/figure>\n<p><strong>La venta de entradas que en un comienzo estaba prevista para este martes, se ha visto retrasada por una serie de inconvenientes.<\/strong><\/p>\n<p>Entre los dimes y diretes que hay en estas \u00faltimas horas entre el Sifup y la ANFP, tambi\u00e9n Curic\u00f3 tiene sus propios problemas debido a la construcci\u00f3n del estadio La Granja.<\/p>\n<p>Existe una grave negativa, de momento, por parte de la Intendencia del Maule y el Plan Estadio Seguro, de la correspondiente venta de entradas para los hinchas de la visita Universidad de Chile, debido a que la construcci\u00f3n del Codo Norte (que por cierto deber\u00eda ser techado cuando culmine su construcci\u00f3n) a\u00fan se encuentra en proceso de culminaci\u00f3n, existen gr\u00faas y demases a\u00fan dentro del estadio a falta de 3 d\u00edas del primer partido de local de Curic\u00f3 Unido en su retorno a la Primera Divisi\u00f3n de Honor del F\u00fatbol Chileno.<\/p>\n<p>El inicio de la venta de entradas para hinchas de Universidad de Chile en ning\u00fan caso ser\u00e1 antes del d\u00eda Jueves. Al final del d\u00eda de hoy se informar\u00e1 si se inicia el d\u00eda Jueves o Viernes.<\/p>\n<div class=\"text_exposed_show\">\n<p>Se dar\u00e1 aviso mediante:\u00a0<a href=\"https:\/\/www.facebook.com\/ticketpluscl\/\">https:\/\/www.facebook.com\/ticketpluscl\/<\/a><\/p>\n<p>Ni\u00f1os de 0 a 2 a\u00f1os no cancelan entrada.<\/p>\n<p>No se permitir\u00e1 cambio de RUT en la entrada.<\/p>\n<p>Fuente: <a href=\"https:\/\/twitter.com\/ProfesorJara\">Rodrigo Jara <\/a>\/\u00a0<a href=\"https:\/\/www.facebook.com\/groups\/212785568770988\/?ref=group_header\">FIXTURE U DE CHILE\u00a0<\/a><\/p>\n<\/div>\n","protected":false},"excerpt":{"rendered":"<p>La venta de entradas que en un comienzo estaba prevista para este martes, se ha visto retrasada por una serie de inconvenientes. Entre los dimes y diretes que hay en estas \u00faltimas horas entre el Sifup y la ANFP, tambi\u00e9n Curic\u00f3 tiene sus propios problemas debido a la construcci\u00f3n del estadio La Granja. Existe una [&#8230;]<\/p>\n","protected":false},"author":21395,"featured_media":11850,"comment_status":"closed","ping_status":"open","sticky":false,"template":"","format":"standard","meta":{"footnotes":""},"categories":[18],"tags":[1090,567,156],"class_list":{"0":"post-11849","1":"post","2":"type-post","3":"status-publish","4":"format-standard","5":"has-post-thumbnail","7":"category-actualidad","8":"tag-curico-unido","9":"tag-hinchada","10":"tag-universidad-de-chile"},"_links":{"self":[{"href":"http:\/\/www.rincondelbulla.cl\/portal\/wp-json\/wp\/v2\/posts\/11849","targetHints":{"allow":["GET"]}}],"collection":[{"href":"http:\/\/www.rincondelbulla.cl\/portal\/wp-json\/wp\/v2\/posts"}],"about":[{"href":"http:\/\/www.rincondelbulla.cl\/portal\/wp-json\/wp\/v2\/types\/post"}],"author":[{"embeddable":true,"href":"http:\/\/www.rincondelbulla.cl\/portal\/wp-json\/wp\/v2\/users\/21395"}],"replies":[{"embeddable":true,"href":"http:\/\/www.rincondelbulla.cl\/portal\/wp-json\/wp\/v2\/comments?post=11849"}],"version-history":[{"count":2,"href":"http:\/\/www.rincondelbulla.cl\/portal\/wp-json\/wp\/v2\/posts\/11849\/revisions"}],"predecessor-version":[{"id":11852,"href":"http:\/\/www.rincondelbulla.cl\/portal\/wp-json\/wp\/v2\/posts\/11849\/revisions\/11852"}],"wp:featuredmedia":[{"embeddable":true,"href":"http:\/\/www.rincondelbulla.cl\/portal\/wp-json\/wp\/v2\/media\/11850"}],"wp:attachment":[{"href":"http:\/\/www.rincondelbulla.cl\/portal\/wp-json\/wp\/v2\/media?parent=11849"}],"wp:term":[{"taxonomy":"category","embeddable":true,"href":"http:\/\/www.rincondelbulla.cl\/portal\/wp-json\/wp\/v2\/categories?post=11849"},{"taxonomy":"post_tag","embeddable":true,"href":"http:\/\/www.rincondelbulla.cl\/portal\/wp-json\/wp\/v2\/tags?post=11849"}],"curies":[{"name":"wp","href":"https:\/\/api.w.org\/{rel}","templated":true}]}}