{"id":11853,"date":"2017-07-26T14:04:05","date_gmt":"2017-07-26T18:04:05","guid":{"rendered":"http:\/\/www.rincondelbulla.cl\/portal\/?p=11853"},"modified":"2017-07-26T15:09:21","modified_gmt":"2017-07-26T19:09:21","slug":"beausejour-mi-decision-ha-sido-quedarme","status":"publish","type":"post","link":"http:\/\/www.rincondelbulla.cl\/portal\/2017\/07\/26\/beausejour-mi-decision-ha-sido-quedarme\/","title":{"rendered":"Beausejour: \u00abMi decisi\u00f3n ha sido quedarme\u00bb"},"content":{"rendered":"<figure id=\"attachment_11854\" aria-describedby=\"caption-attachment-11854\" style=\"width: 1279px\" class=\"wp-caption aligncenter\"><img loading=\"lazy\" decoding=\"async\" class=\"size-full wp-image-11854\" src=\"http:\/\/www.rincondelbulla.cl\/portal\/wp-content\/uploads\/2017\/07\/Beausejour-Fox.jpg\" alt=\"\" width=\"1279\" height=\"711\" srcset=\"http:\/\/www.rincondelbulla.cl\/portal\/wp-content\/uploads\/2017\/07\/Beausejour-Fox.jpg 1279w, http:\/\/www.rincondelbulla.cl\/portal\/wp-content\/uploads\/2017\/07\/Beausejour-Fox-300x167.jpg 300w, http:\/\/www.rincondelbulla.cl\/portal\/wp-content\/uploads\/2017\/07\/Beausejour-Fox-768x427.jpg 768w, http:\/\/www.rincondelbulla.cl\/portal\/wp-content\/uploads\/2017\/07\/Beausejour-Fox-1200x667.jpg 1200w, http:\/\/www.rincondelbulla.cl\/portal\/wp-content\/uploads\/2017\/07\/Beausejour-Fox-696x387.jpg 696w, http:\/\/www.rincondelbulla.cl\/portal\/wp-content\/uploads\/2017\/07\/Beausejour-Fox-1068x594.jpg 1068w, http:\/\/www.rincondelbulla.cl\/portal\/wp-content\/uploads\/2017\/07\/Beausejour-Fox-756x420.jpg 756w\" sizes=\"auto, (max-width: 1279px) 100vw, 1279px\" \/><figcaption id=\"caption-attachment-11854\" class=\"wp-caption-text\">Fotograf\u00eda: Fox Sports Chile<\/figcaption><\/figure>\n<p><strong>Beausejour decidi\u00f3 quedarse en el cuadro m\u00e1gico a pesar de existir ofertas y un buen momento deportivo.<\/strong><\/p>\n<p>Pas\u00f3 la Copa Confederaciones y Jean tras algunos d\u00edas de descanso, volvi\u00f3 a entrenar al Centro deportivo Azul, junto a Johnny Herrera y Gonzalo Jara, quienes tambi\u00e9n estuvieron presentes en La Roja que obtuvo el segundo lugar en el torneo FIFA.<\/p>\n<p>Mientras Bose estuvo ausente de la U, apareci\u00f3 una oferta de Independiente de Argentina, cosa que no fue del total agrado de los hinchas azules, ya que el lateral-volante no ha estado mucho tiempo en el equipo de sus amores.<\/p>\n<p>Pero todas las dudas fueron dilucidadas por el propio jugador. En declaraciones a Fox Sports Chile, El chileno-haitiano-mapuche, dijo que: \u00abAntes de irme de vacaciones convers\u00e9 con el t\u00e9cnico y le manifest\u00e9 el deseo de quedarme, mi decisi\u00f3n ha sido quedarme porque es el lugar donde estoy feliz, pero hay que entender la realidad de los clubes y en su momento si la U siente que a trav\u00e9s m\u00edo puede tener una mejor\u00eda econ\u00f3mica tendremos que conservarlo.<\/p>\n<p>Consultado, si hay un proyecto deportivo o algo m\u00e1s que lo motive a quedarse en el Rom\u00e1ntico Viajero, agreg\u00f3: \u00abPrincipalmente me vine a la U por algo de guata, me gustar\u00eda vivir copas internacionales con la U y con este campeonato con un plantel m\u00e1s rico podr\u00edamos pelear con m\u00e1s armas a nivel internacional\u00bb. Finaliz\u00f3.<\/p>\n<blockquote class=\"twitter-tweet\" data-lang=\"es\"><p><a href=\"https:\/\/twitter.com\/FOXSports_Chile\/status\/890255410120105984\"><\/a><\/p><\/blockquote>\n<p><script async src=\"\/\/platform.twitter.com\/widgets.js\" charset=\"utf-8\"><\/script><\/p>\n","protected":false},"excerpt":{"rendered":"<p>Beausejour decidi\u00f3 quedarse en el cuadro m\u00e1gico a pesar de existir ofertas y un buen momento deportivo. Pas\u00f3 la Copa Confederaciones y Jean tras algunos d\u00edas de descanso, volvi\u00f3 a entrenar al Centro deportivo Azul, junto a Johnny Herrera y Gonzalo Jara, quienes tambi\u00e9n estuvieron presentes en La Roja que obtuvo el segundo lugar en [&#8230;]<\/p>\n","protected":false},"author":21395,"featured_media":11854,"comment_status":"closed","ping_status":"open","sticky":false,"template":"","format":"standard","meta":{"footnotes":""},"categories":[18],"tags":[1116,821,156],"class_list":{"0":"post-11853","1":"post","2":"type-post","3":"status-publish","4":"format-standard","5":"has-post-thumbnail","7":"category-actualidad","8":"tag-cuadro-magico","9":"tag-jean-beausejour","10":"tag-universidad-de-chile"},"_links":{"self":[{"href":"http:\/\/www.rincondelbulla.cl\/portal\/wp-json\/wp\/v2\/posts\/11853","targetHints":{"allow":["GET"]}}],"collection":[{"href":"http:\/\/www.rincondelbulla.cl\/portal\/wp-json\/wp\/v2\/posts"}],"about":[{"href":"http:\/\/www.rincondelbulla.cl\/portal\/wp-json\/wp\/v2\/types\/post"}],"author":[{"embeddable":true,"href":"http:\/\/www.rincondelbulla.cl\/portal\/wp-json\/wp\/v2\/users\/21395"}],"replies":[{"embeddable":true,"href":"http:\/\/www.rincondelbulla.cl\/portal\/wp-json\/wp\/v2\/comments?post=11853"}],"version-history":[{"count":5,"href":"http:\/\/www.rincondelbulla.cl\/portal\/wp-json\/wp\/v2\/posts\/11853\/revisions"}],"predecessor-version":[{"id":11861,"href":"http:\/\/www.rincondelbulla.cl\/portal\/wp-json\/wp\/v2\/posts\/11853\/revisions\/11861"}],"wp:featuredmedia":[{"embeddable":true,"href":"http:\/\/www.rincondelbulla.cl\/portal\/wp-json\/wp\/v2\/media\/11854"}],"wp:attachment":[{"href":"http:\/\/www.rincondelbulla.cl\/portal\/wp-json\/wp\/v2\/media?parent=11853"}],"wp:term":[{"taxonomy":"category","embeddable":true,"href":"http:\/\/www.rincondelbulla.cl\/portal\/wp-json\/wp\/v2\/categories?post=11853"},{"taxonomy":"post_tag","embeddable":true,"href":"http:\/\/www.rincondelbulla.cl\/portal\/wp-json\/wp\/v2\/tags?post=11853"}],"curies":[{"name":"wp","href":"https:\/\/api.w.org\/{rel}","templated":true}]}}