{"id":11862,"date":"2017-07-26T16:27:41","date_gmt":"2017-07-26T20:27:41","guid":{"rendered":"http:\/\/www.rincondelbulla.cl\/portal\/?p=11862"},"modified":"2017-07-26T16:27:41","modified_gmt":"2017-07-26T20:27:41","slug":"herrera-hablo-sobre-posible-paro-del-sifup","status":"publish","type":"post","link":"http:\/\/www.rincondelbulla.cl\/portal\/2017\/07\/26\/herrera-hablo-sobre-posible-paro-del-sifup\/","title":{"rendered":"Herrera habl\u00f3 sobre posible paro del Sifup"},"content":{"rendered":"<p><img loading=\"lazy\" decoding=\"async\" class=\"aligncenter size-full wp-image-8264\" src=\"http:\/\/www.rincondelbulla.cl\/portal\/wp-content\/uploads\/2016\/02\/Johnny-Herrera-Gente.jpg\" alt=\"\" width=\"960\" height=\"720\" srcset=\"http:\/\/www.rincondelbulla.cl\/portal\/wp-content\/uploads\/2016\/02\/Johnny-Herrera-Gente.jpg 960w, http:\/\/www.rincondelbulla.cl\/portal\/wp-content\/uploads\/2016\/02\/Johnny-Herrera-Gente-300x225.jpg 300w, http:\/\/www.rincondelbulla.cl\/portal\/wp-content\/uploads\/2016\/02\/Johnny-Herrera-Gente-768x576.jpg 768w, http:\/\/www.rincondelbulla.cl\/portal\/wp-content\/uploads\/2016\/02\/Johnny-Herrera-Gente-80x60.jpg 80w, http:\/\/www.rincondelbulla.cl\/portal\/wp-content\/uploads\/2016\/02\/Johnny-Herrera-Gente-265x198.jpg 265w, http:\/\/www.rincondelbulla.cl\/portal\/wp-content\/uploads\/2016\/02\/Johnny-Herrera-Gente-696x522.jpg 696w, http:\/\/www.rincondelbulla.cl\/portal\/wp-content\/uploads\/2016\/02\/Johnny-Herrera-Gente-560x420.jpg 560w\" sizes=\"auto, (max-width: 960px) 100vw, 960px\" \/><\/p>\n<p><strong>Johnny Herrera, coment\u00f3 este mi\u00e9rcoles la posibilidad de una paralizaci\u00f3n de actividades en el balompi\u00e9 profesional, organizada por el Sifup, debido a las problemas por los que atraviesan Naval, Independiente de Cauquenes y Barnechea.\u00a0<\/strong><\/p>\n<p>El elenco de Talcahuano y el cuadro del Maule fueron inhabilitados por la ANFP de jugar en Segunda Divisi\u00f3n Profesional, al no pagar la garant\u00eda solicitada a plazo, mientras que los &#8216;huaicocheros&#8217; no podr\u00e1n hacer efectivo su ascenso a la Primera B por problemas econ\u00f3micos.<\/p>\n<p>Ante esto, Herrera tras el entrenamiento del cuadro m\u00e1gico desliz\u00f3 en el CDA una cr\u00edtica a los dirigentes de los cuadros que presentan inconvenientes para disputar los pr\u00f3ximos desaf\u00edos en el balompi\u00e9 profesional.<\/p>\n<p>\u00abObviamente por parte de los futbolistas siempre habr\u00e1 solidaridad para los compa\u00f1eros. Pero me pregunto qu\u00e9 pasa con los 40 equipos que s\u00ed cumplen las reglas. Por culpa de tres equipos con dirigentes irresponsables, que teniendo tiempo no pudieron cumplir con lo que se les hab\u00eda pedido; siempre terminan siendo los m\u00e1s perjudicados los futbolistas\u00bb, expres\u00f3 el meta.<\/p>\n<p>\u00abSon dirigentes que vienen incurriendo en lo mismo, por lo que creo que deben tomarse medidas definitivas, y que se les desvincule y que los equipos pasen a licitaci\u00f3n. C\u00f3mo no habr\u00e1 alguien que quiera ponerse con 30 palos para Naval, por ejemplo\u00bb, agreg\u00f3.<\/p>\n<p>Para finalizar, el capit\u00e1n espera que todo \u00abse llegue a buen puerto, est\u00e1 dif\u00edcil porque no es f\u00e1cil irse a paro por cualquier problema que surge y si bien es cierto que solidarizamos con los compa\u00f1eros, no podemos castigar a los equipos que s\u00ed cumplen\u00bb.<\/p>\n<p>Escucha las declaraciones de Johnny Herrera.<\/p>\n<audio class=\"wp-audio-shortcode\" id=\"audio-11862-1\" preload=\"none\" style=\"width: 100%;\" controls=\"controls\"><source type=\"audio\/mpeg\" src=\"http:\/\/www.rincondelbulla.cl\/portal\/wp-content\/uploads\/2017\/07\/UCH-Herrera-Sobre-el-posible-paro-del-Sifup.mp3?_=1\" \/><a href=\"http:\/\/www.rincondelbulla.cl\/portal\/wp-content\/uploads\/2017\/07\/UCH-Herrera-Sobre-el-posible-paro-del-Sifup.mp3\">http:\/\/www.rincondelbulla.cl\/portal\/wp-content\/uploads\/2017\/07\/UCH-Herrera-Sobre-el-posible-paro-del-Sifup.mp3<\/a><\/audio>\n","protected":false},"excerpt":{"rendered":"<p>Johnny Herrera, coment\u00f3 este mi\u00e9rcoles la posibilidad de una paralizaci\u00f3n de actividades en el balompi\u00e9 profesional, organizada por el Sifup, debido a las problemas por los que atraviesan Naval, Independiente de Cauquenes y Barnechea.\u00a0 El elenco de Talcahuano y el cuadro del Maule fueron inhabilitados por la ANFP de jugar en Segunda Divisi\u00f3n Profesional, al [&#8230;]<\/p>\n","protected":false},"author":21395,"featured_media":8264,"comment_status":"closed","ping_status":"open","sticky":false,"template":"","format":"standard","meta":{"footnotes":""},"categories":[18],"tags":[279,1116,1128,41,1127,723,156],"class_list":{"0":"post-11862","1":"post","2":"type-post","3":"status-publish","4":"format-standard","5":"has-post-thumbnail","7":"category-actualidad","8":"tag-barnechea","9":"tag-cuadro-magico","10":"tag-independiente-de-cauquenes","11":"tag-johnny-herrera","12":"tag-naval","13":"tag-sifup","14":"tag-universidad-de-chile"},"_links":{"self":[{"href":"http:\/\/www.rincondelbulla.cl\/portal\/wp-json\/wp\/v2\/posts\/11862","targetHints":{"allow":["GET"]}}],"collection":[{"href":"http:\/\/www.rincondelbulla.cl\/portal\/wp-json\/wp\/v2\/posts"}],"about":[{"href":"http:\/\/www.rincondelbulla.cl\/portal\/wp-json\/wp\/v2\/types\/post"}],"author":[{"embeddable":true,"href":"http:\/\/www.rincondelbulla.cl\/portal\/wp-json\/wp\/v2\/users\/21395"}],"replies":[{"embeddable":true,"href":"http:\/\/www.rincondelbulla.cl\/portal\/wp-json\/wp\/v2\/comments?post=11862"}],"version-history":[{"count":1,"href":"http:\/\/www.rincondelbulla.cl\/portal\/wp-json\/wp\/v2\/posts\/11862\/revisions"}],"predecessor-version":[{"id":11864,"href":"http:\/\/www.rincondelbulla.cl\/portal\/wp-json\/wp\/v2\/posts\/11862\/revisions\/11864"}],"wp:featuredmedia":[{"embeddable":true,"href":"http:\/\/www.rincondelbulla.cl\/portal\/wp-json\/wp\/v2\/media\/8264"}],"wp:attachment":[{"href":"http:\/\/www.rincondelbulla.cl\/portal\/wp-json\/wp\/v2\/media?parent=11862"}],"wp:term":[{"taxonomy":"category","embeddable":true,"href":"http:\/\/www.rincondelbulla.cl\/portal\/wp-json\/wp\/v2\/categories?post=11862"},{"taxonomy":"post_tag","embeddable":true,"href":"http:\/\/www.rincondelbulla.cl\/portal\/wp-json\/wp\/v2\/tags?post=11862"}],"curies":[{"name":"wp","href":"https:\/\/api.w.org\/{rel}","templated":true}]}}