{"id":11865,"date":"2017-07-26T21:42:48","date_gmt":"2017-07-27T01:42:48","guid":{"rendered":"http:\/\/www.rincondelbulla.cl\/portal\/?p=11865"},"modified":"2017-07-27T00:09:30","modified_gmt":"2017-07-27T04:09:30","slug":"tino-asprilla-recordo-cuando-jugo-con-pinilla","status":"publish","type":"post","link":"http:\/\/www.rincondelbulla.cl\/portal\/2017\/07\/26\/tino-asprilla-recordo-cuando-jugo-con-pinilla\/","title":{"rendered":"Tino Asprilla record\u00f3 cuando jug\u00f3 con Pinilla"},"content":{"rendered":"<p><img loading=\"lazy\" decoding=\"async\" class=\"alignnone wp-image-11866\" src=\"http:\/\/www.rincondelbulla.cl\/portal\/wp-content\/uploads\/2017\/07\/AsprillaPinilla.jpg\" alt=\"\" width=\"586\" height=\"428\" \/><\/p>\n<p><strong>El ex futbolista cafetero comparti\u00f3 im\u00e1genes en su paso por la U.<\/strong><!--more--><\/p>\n<p>Recordado es el paso del ahora empresario Faustino Asprilla. El artillero qued\u00f3 en la memoria de la hinchada no solo por su juego, sino que tambi\u00e9n por d\u00e1rselas de pistolero en el extinto Caracol Azul.<\/p>\n<p>El ahora emprendedor con su propia empresas de condones, record\u00f3 en su Twitter una tremenda jugada en conjunto al reci\u00e9n llegado Mauricio Pinilla frente a la UC.<\/p>\n<p>Revisa el video a continuaci\u00f3n.<\/p>\n<blockquote class=\"twitter-tweet\" data-lang=\"es\">\n<p dir=\"ltr\" lang=\"es\">\u00bfQuien recuerda este partido con <a href=\"https:\/\/twitter.com\/udechile\">@udechile<\/a>? <a href=\"https:\/\/t.co\/K78J5Jb9VB\">pic.twitter.com\/K78J5Jb9VB<\/a><\/p>\n<p>\u2014 Faustino Asprilla (@TinoasprillaH) <a href=\"https:\/\/twitter.com\/TinoasprillaH\/status\/890374569822957568\">27 de julio de 2017<\/a><\/p><\/blockquote>\n<p><script async src=\"\/\/platform.twitter.com\/widgets.js\" charset=\"utf-8\"><\/script><\/p>\n<blockquote class=\"twitter-tweet\" data-lang=\"es\">\n<p dir=\"ltr\" lang=\"es\"><a href=\"https:\/\/twitter.com\/pinigol51\">@pinigol51<\/a> cuando pasas por <a href=\"https:\/\/twitter.com\/NexoESPNcl\">@NexoESPNcl<\/a> para recordar los goles cuando jugamos en <a href=\"https:\/\/twitter.com\/udechile\">@udechile<\/a> saludos parcero. <a href=\"https:\/\/t.co\/HGUutTdYwa\">https:\/\/t.co\/HGUutTdYwa<\/a><\/p>\n<p>\u2014 Faustino Asprilla (@TinoasprillaH) <a href=\"https:\/\/twitter.com\/TinoasprillaH\/status\/890381683526074368\">27 de julio de 2017<\/a><\/p><\/blockquote>\n<p><script async src=\"\/\/platform.twitter.com\/widgets.js\" charset=\"utf-8\"><\/script><\/p>\n<blockquote class=\"twitter-tweet\" data-lang=\"es\">\n<p dir=\"ltr\" lang=\"es\">Que grande \u00eddolo apenas venga a visitarme a chile vamos <\/p>\n<p>\u2014 Mauricio Pinilla (@pinigol51) <a href=\"https:\/\/twitter.com\/pinigol51\/status\/890403887773077509\">27 de julio de 2017<\/a><\/p><\/blockquote>\n<p><script async src=\"\/\/platform.twitter.com\/widgets.js\" charset=\"utf-8\"><\/script><\/p>\n<blockquote class=\"twitter-tweet\" data-lang=\"es\">\n<p dir=\"ltr\" lang=\"es\">En 15 dias voy para Argentina y coordinamos mi parcero<br \/>\nChi chi le le leee!! <a href=\"https:\/\/t.co\/PVtQTslYH9\">https:\/\/t.co\/PVtQTslYH9<\/a><\/p>\n<p>\u2014 Faustino Asprilla (@TinoasprillaH) <a href=\"https:\/\/twitter.com\/TinoasprillaH\/status\/890413529840451585\">27 de julio de 2017<\/a><\/p><\/blockquote>\n<p><script async src=\"\/\/platform.twitter.com\/widgets.js\" charset=\"utf-8\"><\/script><\/p>\n","protected":false},"excerpt":{"rendered":"<p>El ex futbolista cafetero comparti\u00f3 im\u00e1genes en su paso por la U.<\/p>\n","protected":false},"author":65,"featured_media":11867,"comment_status":"closed","ping_status":"open","sticky":false,"template":"","format":"standard","meta":{"footnotes":""},"categories":[18],"tags":[1129,631,1130,294],"class_list":{"0":"post-11865","1":"post","2":"type-post","3":"status-publish","4":"format-standard","5":"has-post-thumbnail","7":"category-actualidad","8":"tag-faustino-asprilla","9":"tag-mauricio-pinilla","10":"tag-pinigol","11":"tag-u-de-chile"},"_links":{"self":[{"href":"http:\/\/www.rincondelbulla.cl\/portal\/wp-json\/wp\/v2\/posts\/11865","targetHints":{"allow":["GET"]}}],"collection":[{"href":"http:\/\/www.rincondelbulla.cl\/portal\/wp-json\/wp\/v2\/posts"}],"about":[{"href":"http:\/\/www.rincondelbulla.cl\/portal\/wp-json\/wp\/v2\/types\/post"}],"author":[{"embeddable":true,"href":"http:\/\/www.rincondelbulla.cl\/portal\/wp-json\/wp\/v2\/users\/65"}],"replies":[{"embeddable":true,"href":"http:\/\/www.rincondelbulla.cl\/portal\/wp-json\/wp\/v2\/comments?post=11865"}],"version-history":[{"count":2,"href":"http:\/\/www.rincondelbulla.cl\/portal\/wp-json\/wp\/v2\/posts\/11865\/revisions"}],"predecessor-version":[{"id":11869,"href":"http:\/\/www.rincondelbulla.cl\/portal\/wp-json\/wp\/v2\/posts\/11865\/revisions\/11869"}],"wp:featuredmedia":[{"embeddable":true,"href":"http:\/\/www.rincondelbulla.cl\/portal\/wp-json\/wp\/v2\/media\/11867"}],"wp:attachment":[{"href":"http:\/\/www.rincondelbulla.cl\/portal\/wp-json\/wp\/v2\/media?parent=11865"}],"wp:term":[{"taxonomy":"category","embeddable":true,"href":"http:\/\/www.rincondelbulla.cl\/portal\/wp-json\/wp\/v2\/categories?post=11865"},{"taxonomy":"post_tag","embeddable":true,"href":"http:\/\/www.rincondelbulla.cl\/portal\/wp-json\/wp\/v2\/tags?post=11865"}],"curies":[{"name":"wp","href":"https:\/\/api.w.org\/{rel}","templated":true}]}}