{"id":11895,"date":"2017-07-28T18:06:56","date_gmt":"2017-07-28T22:06:56","guid":{"rendered":"http:\/\/www.rincondelbulla.cl\/portal\/?p=11895"},"modified":"2017-07-28T18:06:56","modified_gmt":"2017-07-28T22:06:56","slug":"hoyos-vamos-ascendiendo-en-soltura","status":"publish","type":"post","link":"http:\/\/www.rincondelbulla.cl\/portal\/2017\/07\/28\/hoyos-vamos-ascendiendo-en-soltura\/","title":{"rendered":"Hoyos: \u00abVamos ascendiendo en soltura\u00bb"},"content":{"rendered":"<figure id=\"attachment_11896\" aria-describedby=\"caption-attachment-11896\" style=\"width: 1280px\" class=\"wp-caption alignleft\"><img loading=\"lazy\" decoding=\"async\" class=\"size-full wp-image-11896\" src=\"http:\/\/www.rincondelbulla.cl\/portal\/wp-content\/uploads\/2017\/07\/Profe-Hoyos-28-7-17.jpg\" alt=\"\" width=\"1280\" height=\"852\" srcset=\"http:\/\/www.rincondelbulla.cl\/portal\/wp-content\/uploads\/2017\/07\/Profe-Hoyos-28-7-17.jpg 1280w, http:\/\/www.rincondelbulla.cl\/portal\/wp-content\/uploads\/2017\/07\/Profe-Hoyos-28-7-17-300x200.jpg 300w, http:\/\/www.rincondelbulla.cl\/portal\/wp-content\/uploads\/2017\/07\/Profe-Hoyos-28-7-17-768x511.jpg 768w, http:\/\/www.rincondelbulla.cl\/portal\/wp-content\/uploads\/2017\/07\/Profe-Hoyos-28-7-17-1200x799.jpg 1200w, http:\/\/www.rincondelbulla.cl\/portal\/wp-content\/uploads\/2017\/07\/Profe-Hoyos-28-7-17-696x463.jpg 696w, http:\/\/www.rincondelbulla.cl\/portal\/wp-content\/uploads\/2017\/07\/Profe-Hoyos-28-7-17-1068x711.jpg 1068w, http:\/\/www.rincondelbulla.cl\/portal\/wp-content\/uploads\/2017\/07\/Profe-Hoyos-28-7-17-631x420.jpg 631w\" sizes=\"auto, (max-width: 1280px) 100vw, 1280px\" \/><figcaption id=\"caption-attachment-11896\" class=\"wp-caption-text\">Fotograf\u00eda: Sebasti\u00e1n \u00d1anco<\/figcaption><\/figure>\n<p><strong>Guillermo Hoyos, se refiri\u00f3 este viernes al debut en el Torneo de Transici\u00f3n, este s\u00e1bado ante Curic\u00f3 Unido, y apunt\u00f3 a seguir mejorando para alcanzar mejores resultados.<\/strong><\/p>\n<p>De entrada, el religioso estratego no cree que su plantilla sienta presi\u00f3n por ser el campe\u00f3n defensor: \u201cPartimos de la base de quienes somos. Estamos con seres humanos de una capacidad enorme. Con ambici\u00f3n de seguir creciendo, m\u00e1s all\u00e1 de los t\u00edtulos que tienen. Eso es una bendici\u00f3n\u201d, apunt\u00f3.<\/p>\n<p>\u00abNo creo que tengamos presi\u00f3n. Cuando llegamos a la \u2018U\u2019 alabamos a la instituci\u00f3n por la posibilidad de estar y era una bendici\u00f3n. Hoy tambi\u00e9n lo pienso. Es un orgullo trabajar con este plantel, un honor y una posibilidad que me da la vida para seguir creyendo\u00bb, agreg\u00f3.<\/p>\n<p>De cara al choque con el \u00faltimo monarca de la Primera B, Hoyos indic\u00f3 que \u00abesta semana ha sido de trabajo continuo. Tratar de descargar el fuerte trabajo de la pretemporada de La Serena. Vamos ascendiendo en soltura y tratar que la fuerza que se logr\u00f3 se traslade al campo. Contento por ese lado\u00bb.<\/p>\n<p>Adem\u00e1s, Hoyos descart\u00f3 la presencia de Mauricio Pinilla en el Estadio La Granja.\u00bbNo va a jugar ante Curic\u00f3. Hace poco que lleg\u00f3. Viene de un trabajo en Italia y siempre estamos tratando de adaptarlo y viendo c\u00f3mo est\u00e1 en el aspecto f\u00edsico\u201d.<\/p>\n<p>Continuando con el nuevo \u20189\u2019 de la \u2018U\u2019, el cordob\u00e9s dijo que \u201clo vi un jugador muy maduro, muy seguro de s\u00ed mismo. Confianza en lo que quiere hacer, conocedor de la casa. Esa personalidad, m\u00e1s el car\u00e1cter del equipo, es muy buena\u00bb.<\/p>\n<p>Finalmente, Hoyos apel\u00f3 en ir semana a semana mejorando para llegar con claras opciones del bicampeonato a fin de a\u00f1o. \u00abUno se tiene que automotivar siempre. Lo del campe\u00f3n es una situaci\u00f3n vivida pero no es una situaci\u00f3n permanente. Pas\u00f3, bienvenido sea, gracias a los jugadores y la dirigencia. Pero hay que buscar nuevas cosas, mejorar todos los aspectos. La \u2018U\u2019 puede seguir creciendo a trav\u00e9s de tanta jerarqu\u00eda que hay\u00bb, concluy\u00f3.<\/p>\n","protected":false},"excerpt":{"rendered":"<p>Guillermo Hoyos, se refiri\u00f3 este viernes al debut en el Torneo de Transici\u00f3n, este s\u00e1bado ante Curic\u00f3 Unido, y apunt\u00f3 a seguir mejorando para alcanzar mejores resultados. De entrada, el religioso estratego no cree que su plantilla sienta presi\u00f3n por ser el campe\u00f3n defensor: \u201cPartimos de la base de quienes somos. Estamos con seres humanos [&#8230;]<\/p>\n","protected":false},"author":21395,"featured_media":11896,"comment_status":"closed","ping_status":"open","sticky":false,"template":"","format":"standard","meta":{"footnotes":""},"categories":[18],"tags":[1116,439,1006,156],"class_list":{"0":"post-11895","1":"post","2":"type-post","3":"status-publish","4":"format-standard","5":"has-post-thumbnail","7":"category-actualidad","8":"tag-cuadro-magico","9":"tag-curico","10":"tag-guillermo-hoyos","11":"tag-universidad-de-chile"},"_links":{"self":[{"href":"http:\/\/www.rincondelbulla.cl\/portal\/wp-json\/wp\/v2\/posts\/11895","targetHints":{"allow":["GET"]}}],"collection":[{"href":"http:\/\/www.rincondelbulla.cl\/portal\/wp-json\/wp\/v2\/posts"}],"about":[{"href":"http:\/\/www.rincondelbulla.cl\/portal\/wp-json\/wp\/v2\/types\/post"}],"author":[{"embeddable":true,"href":"http:\/\/www.rincondelbulla.cl\/portal\/wp-json\/wp\/v2\/users\/21395"}],"replies":[{"embeddable":true,"href":"http:\/\/www.rincondelbulla.cl\/portal\/wp-json\/wp\/v2\/comments?post=11895"}],"version-history":[{"count":1,"href":"http:\/\/www.rincondelbulla.cl\/portal\/wp-json\/wp\/v2\/posts\/11895\/revisions"}],"predecessor-version":[{"id":11897,"href":"http:\/\/www.rincondelbulla.cl\/portal\/wp-json\/wp\/v2\/posts\/11895\/revisions\/11897"}],"wp:featuredmedia":[{"embeddable":true,"href":"http:\/\/www.rincondelbulla.cl\/portal\/wp-json\/wp\/v2\/media\/11896"}],"wp:attachment":[{"href":"http:\/\/www.rincondelbulla.cl\/portal\/wp-json\/wp\/v2\/media?parent=11895"}],"wp:term":[{"taxonomy":"category","embeddable":true,"href":"http:\/\/www.rincondelbulla.cl\/portal\/wp-json\/wp\/v2\/categories?post=11895"},{"taxonomy":"post_tag","embeddable":true,"href":"http:\/\/www.rincondelbulla.cl\/portal\/wp-json\/wp\/v2\/tags?post=11895"}],"curies":[{"name":"wp","href":"https:\/\/api.w.org\/{rel}","templated":true}]}}