{"id":11899,"date":"2017-07-29T12:43:47","date_gmt":"2017-07-29T16:43:47","guid":{"rendered":"http:\/\/www.rincondelbulla.cl\/portal\/?p=11899"},"modified":"2017-07-29T12:43:47","modified_gmt":"2017-07-29T16:43:47","slug":"la-previa-a-defender-el-titulo","status":"publish","type":"post","link":"http:\/\/www.rincondelbulla.cl\/portal\/2017\/07\/29\/la-previa-a-defender-el-titulo\/","title":{"rendered":"La Previa: A defender el t\u00edtulo"},"content":{"rendered":"<p><img loading=\"lazy\" decoding=\"async\" class=\"alignnone size-full wp-image-11804\" src=\"http:\/\/www.rincondelbulla.cl\/portal\/wp-content\/uploads\/2017\/07\/Curic\u00f3.jpg\" alt=\"\" width=\"1000\" height=\"583\" srcset=\"http:\/\/www.rincondelbulla.cl\/portal\/wp-content\/uploads\/2017\/07\/Curic\u00f3.jpg 1000w, http:\/\/www.rincondelbulla.cl\/portal\/wp-content\/uploads\/2017\/07\/Curic\u00f3-300x175.jpg 300w, http:\/\/www.rincondelbulla.cl\/portal\/wp-content\/uploads\/2017\/07\/Curic\u00f3-768x448.jpg 768w, http:\/\/www.rincondelbulla.cl\/portal\/wp-content\/uploads\/2017\/07\/Curic\u00f3-696x406.jpg 696w, http:\/\/www.rincondelbulla.cl\/portal\/wp-content\/uploads\/2017\/07\/Curic\u00f3-720x420.jpg 720w\" sizes=\"auto, (max-width: 1000px) 100vw, 1000px\" \/><\/p>\n<p><strong>La \u00abU\u00bb comienza el \u00faltimo torneo corto con la dif\u00edcil misi\u00f3n de ratificar su alza futbol\u00edstica del campeonato pasado.<\/strong><!--more--><\/p>\n<p>Ya queda atr\u00e1s la celebraci\u00f3n de las estrella 18, el nuevo equipo de Guillermo Hoyos viaja hasta la s\u00e9ptima regi\u00f3n, donde hoy a las 15 horas enfrenta al cuadro de Curic\u00f3 Unido.<\/p>\n<p>Esta es la primera fecha del \u00faltimo torneo corto, donde ya est\u00e1 m\u00e1s que claro que cada punto cuenta para conseguir un t\u00edtulo, por lo cual los azules saltar\u00e1n con lo mejor que cuentan. Sin embargo, Mauricio Pinilla, \u00faltimo refuerzo a\u00fan no est\u00e1 en condiciones para jugar.<\/p>\n<p>As\u00ed se parar\u00eda la \u00abU\u00bb esta tarde frente al campe\u00f3n de la Primera B: <strong>Herrera; Rodr\u00edguez, Vilches, Jara, Beausejour; Caroca, Leiva, Lorenzetti; Arancibia, Benegas y Ubilla.<\/strong><\/p>\n","protected":false},"excerpt":{"rendered":"<p>La \u00abU\u00bb comienza el \u00faltimo torneo corto con la dif\u00edcil misi\u00f3n de ratificar su alza futbol\u00edstica del campeonato pasado.<\/p>\n","protected":false},"author":65,"featured_media":11804,"comment_status":"closed","ping_status":"open","sticky":false,"template":"","format":"standard","meta":{"footnotes":""},"categories":[18],"tags":[439,37,294],"class_list":{"0":"post-11899","1":"post","2":"type-post","3":"status-publish","4":"format-standard","5":"has-post-thumbnail","7":"category-actualidad","8":"tag-curico","9":"tag-la-previa","10":"tag-u-de-chile"},"_links":{"self":[{"href":"http:\/\/www.rincondelbulla.cl\/portal\/wp-json\/wp\/v2\/posts\/11899","targetHints":{"allow":["GET"]}}],"collection":[{"href":"http:\/\/www.rincondelbulla.cl\/portal\/wp-json\/wp\/v2\/posts"}],"about":[{"href":"http:\/\/www.rincondelbulla.cl\/portal\/wp-json\/wp\/v2\/types\/post"}],"author":[{"embeddable":true,"href":"http:\/\/www.rincondelbulla.cl\/portal\/wp-json\/wp\/v2\/users\/65"}],"replies":[{"embeddable":true,"href":"http:\/\/www.rincondelbulla.cl\/portal\/wp-json\/wp\/v2\/comments?post=11899"}],"version-history":[{"count":1,"href":"http:\/\/www.rincondelbulla.cl\/portal\/wp-json\/wp\/v2\/posts\/11899\/revisions"}],"predecessor-version":[{"id":11900,"href":"http:\/\/www.rincondelbulla.cl\/portal\/wp-json\/wp\/v2\/posts\/11899\/revisions\/11900"}],"wp:featuredmedia":[{"embeddable":true,"href":"http:\/\/www.rincondelbulla.cl\/portal\/wp-json\/wp\/v2\/media\/11804"}],"wp:attachment":[{"href":"http:\/\/www.rincondelbulla.cl\/portal\/wp-json\/wp\/v2\/media?parent=11899"}],"wp:term":[{"taxonomy":"category","embeddable":true,"href":"http:\/\/www.rincondelbulla.cl\/portal\/wp-json\/wp\/v2\/categories?post=11899"},{"taxonomy":"post_tag","embeddable":true,"href":"http:\/\/www.rincondelbulla.cl\/portal\/wp-json\/wp\/v2\/tags?post=11899"}],"curies":[{"name":"wp","href":"https:\/\/api.w.org\/{rel}","templated":true}]}}