{"id":11936,"date":"2017-07-31T09:58:45","date_gmt":"2017-07-31T13:58:45","guid":{"rendered":"http:\/\/www.rincondelbulla.cl\/portal\/?p=11936"},"modified":"2017-07-31T09:58:45","modified_gmt":"2017-07-31T13:58:45","slug":"chunchitas-hacen-lo-suyo-en-amistosos","status":"publish","type":"post","link":"http:\/\/www.rincondelbulla.cl\/portal\/2017\/07\/31\/chunchitas-hacen-lo-suyo-en-amistosos\/","title":{"rendered":"Chunchitas hacen lo suyo en amistosos"},"content":{"rendered":"<p><img loading=\"lazy\" decoding=\"async\" class=\"alignleft  wp-image-11937\" src=\"http:\/\/www.rincondelbulla.cl\/portal\/wp-content\/uploads\/2017\/07\/Chunchitas-300x169.jpg\" alt=\"\" width=\"738\" height=\"416\" srcset=\"http:\/\/www.rincondelbulla.cl\/portal\/wp-content\/uploads\/2017\/07\/Chunchitas-300x169.jpg 300w, http:\/\/www.rincondelbulla.cl\/portal\/wp-content\/uploads\/2017\/07\/Chunchitas-768x432.jpg 768w, http:\/\/www.rincondelbulla.cl\/portal\/wp-content\/uploads\/2017\/07\/Chunchitas-696x392.jpg 696w, http:\/\/www.rincondelbulla.cl\/portal\/wp-content\/uploads\/2017\/07\/Chunchitas.jpg 1032w, http:\/\/www.rincondelbulla.cl\/portal\/wp-content\/uploads\/2017\/07\/Chunchitas-746x420.jpg 746w\" sizes=\"auto, (max-width: 738px) 100vw, 738px\" \/><\/p>\n<p><strong>El f\u00fatbol femenino de la U tambi\u00e9n hace noticia en su preparaci\u00f3n para este segundo semestre.<\/strong><\/p>\n<p>La Sub 9 y Sub 12 de nuestra escuela femenina, jugaron un amistoso con\u00a0<a class=\"profileLink\" href=\"https:\/\/www.facebook.com\/Magallanes-Femenino-Profesional-ANFP-260054564479445\/?fref=mentions\" data-hovercard=\"\/ajax\/hovercard\/page.php?id=260054564479445&amp;extragetparams=%7B%22fref%22%3A%22mentions%22%7D\" data-hovercard-prefer-more-content-show=\"1\">Magallanes<\/a>\u00a0con positivos resultados<\/p>\n<p>Sub 9<br \/>\nUdechile 7-4 Magallanes<\/p>\n<div class=\"text_exposed_show\">\n<p>Sub 12<br \/>\nUdechile 6-0 Magallanes<\/p>\n<p><strong>\u00a1Atenci\u00f3n a las azules!<\/strong><\/p>\n<p>El mi\u00e9rcoles 2 de agosto se realizar\u00e1n pruebas masivas\u00a0con el objetivo de sumar a las jugadoras m\u00e1s talentosas del pa\u00eds.<\/p>\n<p>La cita ser\u00e1 a partir de las\u00a018:00 horas en el Centro Deportivo Azul\u00a0(La Cisterna), lugar donde todas las nacidas entre el\u00a02001 y 2006\u00a0que sue\u00f1an con vestir la camiseta de la U tendr\u00e1n la posibilidad de mostrar sus habilidades.<\/p>\n<p>Quienes asistan deben ingresar por la entrada de Fern\u00e1ndez Albano con San Luis y\u00a0deben estar acompa\u00f1adas por un apoderado mayor de edad.<\/p>\n<p>Fuente:\u00a0<a href=\"https:\/\/www.facebook.com\/udechilefutbolfemenina\/\">Universidad de Chile F\u00fatbol Femenino<\/a>\u00a0\/ UdeChile<\/p>\n<\/div>\n","protected":false},"excerpt":{"rendered":"<p>El f\u00fatbol femenino de la U tambi\u00e9n hace noticia en su preparaci\u00f3n para este segundo semestre. La Sub 9 y Sub 12 de nuestra escuela femenina, jugaron un amistoso con\u00a0Magallanes\u00a0con positivos resultados Sub 9 Udechile 7-4 Magallanes Sub 12 Udechile 6-0 Magallanes \u00a1Atenci\u00f3n a las azules! El mi\u00e9rcoles 2 de agosto se realizar\u00e1n pruebas masivas\u00a0con [&#8230;]<\/p>\n","protected":false},"author":21395,"featured_media":11937,"comment_status":"closed","ping_status":"open","sticky":false,"template":"","format":"standard","meta":{"footnotes":""},"categories":[18],"tags":[791,1116,729,156],"class_list":{"0":"post-11936","1":"post","2":"type-post","3":"status-publish","4":"format-standard","5":"has-post-thumbnail","7":"category-actualidad","8":"tag-chunchitas","9":"tag-cuadro-magico","10":"tag-futbol-femenino","11":"tag-universidad-de-chile"},"_links":{"self":[{"href":"http:\/\/www.rincondelbulla.cl\/portal\/wp-json\/wp\/v2\/posts\/11936","targetHints":{"allow":["GET"]}}],"collection":[{"href":"http:\/\/www.rincondelbulla.cl\/portal\/wp-json\/wp\/v2\/posts"}],"about":[{"href":"http:\/\/www.rincondelbulla.cl\/portal\/wp-json\/wp\/v2\/types\/post"}],"author":[{"embeddable":true,"href":"http:\/\/www.rincondelbulla.cl\/portal\/wp-json\/wp\/v2\/users\/21395"}],"replies":[{"embeddable":true,"href":"http:\/\/www.rincondelbulla.cl\/portal\/wp-json\/wp\/v2\/comments?post=11936"}],"version-history":[{"count":1,"href":"http:\/\/www.rincondelbulla.cl\/portal\/wp-json\/wp\/v2\/posts\/11936\/revisions"}],"predecessor-version":[{"id":11938,"href":"http:\/\/www.rincondelbulla.cl\/portal\/wp-json\/wp\/v2\/posts\/11936\/revisions\/11938"}],"wp:featuredmedia":[{"embeddable":true,"href":"http:\/\/www.rincondelbulla.cl\/portal\/wp-json\/wp\/v2\/media\/11937"}],"wp:attachment":[{"href":"http:\/\/www.rincondelbulla.cl\/portal\/wp-json\/wp\/v2\/media?parent=11936"}],"wp:term":[{"taxonomy":"category","embeddable":true,"href":"http:\/\/www.rincondelbulla.cl\/portal\/wp-json\/wp\/v2\/categories?post=11936"},{"taxonomy":"post_tag","embeddable":true,"href":"http:\/\/www.rincondelbulla.cl\/portal\/wp-json\/wp\/v2\/tags?post=11936"}],"curies":[{"name":"wp","href":"https:\/\/api.w.org\/{rel}","templated":true}]}}