{"id":11940,"date":"2017-07-31T12:39:30","date_gmt":"2017-07-31T16:39:30","guid":{"rendered":"http:\/\/www.rincondelbulla.cl\/portal\/?p=11940"},"modified":"2017-07-31T12:39:30","modified_gmt":"2017-07-31T16:39:30","slug":"azules-presentes-en-la-roja-sub21","status":"publish","type":"post","link":"http:\/\/www.rincondelbulla.cl\/portal\/2017\/07\/31\/azules-presentes-en-la-roja-sub21\/","title":{"rendered":"Azules presentes en La Roja Sub21"},"content":{"rendered":"<p><img loading=\"lazy\" decoding=\"async\" class=\"aligncenter size-full wp-image-11941\" src=\"http:\/\/www.rincondelbulla.cl\/portal\/wp-content\/uploads\/2017\/07\/Arancibia.jpg\" alt=\"\" width=\"1200\" height=\"675\" srcset=\"http:\/\/www.rincondelbulla.cl\/portal\/wp-content\/uploads\/2017\/07\/Arancibia.jpg 1200w, http:\/\/www.rincondelbulla.cl\/portal\/wp-content\/uploads\/2017\/07\/Arancibia-300x169.jpg 300w, http:\/\/www.rincondelbulla.cl\/portal\/wp-content\/uploads\/2017\/07\/Arancibia-768x432.jpg 768w, http:\/\/www.rincondelbulla.cl\/portal\/wp-content\/uploads\/2017\/07\/Arancibia-696x392.jpg 696w, http:\/\/www.rincondelbulla.cl\/portal\/wp-content\/uploads\/2017\/07\/Arancibia-1068x601.jpg 1068w, http:\/\/www.rincondelbulla.cl\/portal\/wp-content\/uploads\/2017\/07\/Arancibia-747x420.jpg 747w\" sizes=\"auto, (max-width: 1200px) 100vw, 1200px\" \/><\/p>\n<p><strong>La selecci\u00f3n chilena Sub 21 disputar\u00e1 el pr\u00f3ximo 1 de septiembre un partido ante su similar de Francia, en el Parque de los Pr\u00edncipes, equipo que tendr\u00e1 una continua observaci\u00f3n del cuerpo t\u00e9cnico del seleccionado absoluto, que encabeza Juan Antonio Pizzi.\u00a0<\/strong><\/p>\n<p>El entrenador de la \u2018Roja\u2019 Sub 20, H\u00e9ctor Robles, entreg\u00f3 una n\u00f3mina &#8216;local&#8217; compuesta por 20 jugadores. La mayor\u00eda de los convocados han disputado torneos con las selecciones Sub 17, Sub 20 y, algunos, en la reciente conquista de la China Cup 2017.<\/p>\n<p>Seg\u00fan informa la ANFP, el pleito con los galos \u201cse da en el marco del proceso de integraci\u00f3n que lleva a cabo Pizzi con la selecci\u00f3n principal, pensando en el paulatino ingreso de nuevos rostros al elenco que conquist\u00f3 dos Copas Am\u00e9rica y el vicecampeonato de la Copa FIFA Confederaciones Rusia 2017\u201d.<\/p>\n<p>El combinado que chocar\u00e1 con Francia est\u00e1 integrado con deportistas nacidos a partir de 1996, con dos excepciones nacidos en 1995. La n\u00f3mina de jugadores que act\u00faan en el extranjero ser\u00e1 informada en los pr\u00f3ximos d\u00edas.<\/p>\n<p>Hay varios azules presentes en la n\u00f3mina de Robles que te presentamos a continuaci\u00f3n:<\/p>\n<p>N\u00f3mina de la \u2018Roja\u2019 Sub 21.-<\/p>\n<p>ARQUEROS:<br \/>\nBrayan Cort\u00e9s &#8211; Deportes Iquique<br \/>\n<strong>Gonzalo Collao &#8211; Universidad de Chile\u00a0<\/strong><br \/>\nMiguel Vargas &#8211; Deportes Santa Cruz<\/p>\n<p>DEFENSAS:<br \/>\nDilan Z\u00fa\u00f1iga &#8211; Everton<br \/>\nLuis Garc\u00eda &#8211; Santiago Wanderers<br \/>\nBenjam\u00edn Kuscevic &#8211; Universidad Cat\u00f3lica<br \/>\nFelipe Saavedra &#8211; San Luis de Quillota<\/p>\n<p>VOLANTES:<br \/>\nAdri\u00e1n Cuadra &#8211; Santiago Wanderers<br \/>\nSebasti\u00e1n D\u00edaz &#8211; Deportes Temuco<br \/>\nKevin Medel &#8211; Everton<br \/>\n<strong>Yerko Leiva &#8211; Universidad de Chile (Esperando su situaci\u00f3n m\u00e9dica)<\/strong><br \/>\nPablo Galdames &#8211; Uni\u00f3n Espa\u00f1ola<br \/>\nGabriel Suazo &#8211; Colo Colo<br \/>\nJaime Carre\u00f1o &#8211; Everton<br \/>\nBryan Carvallo &#8211; Deportes Antofagasta<br \/>\nPablo Ar\u00e1nguiz &#8211; Uni\u00f3n Espa\u00f1ola<br \/>\nMat\u00edas Sepulveda &#8211; O&#8217;Higgins<\/p>\n<p>DELANTEROS:<br \/>\nMarcos Bolados &#8211; Colo Colo<br \/>\n\u00c1ngelo Araos &#8211; Deportes Antofagasta<br \/>\n<strong>Francisco Arancibia &#8211; Universidad de Chile\u00a0\u00a0<\/strong><\/p>\n","protected":false},"excerpt":{"rendered":"<p>La selecci\u00f3n chilena Sub 21 disputar\u00e1 el pr\u00f3ximo 1 de septiembre un partido ante su similar de Francia, en el Parque de los Pr\u00edncipes, equipo que tendr\u00e1 una continua observaci\u00f3n del cuerpo t\u00e9cnico del seleccionado absoluto, que encabeza Juan Antonio Pizzi.\u00a0 El entrenador de la \u2018Roja\u2019 Sub 20, H\u00e9ctor Robles, entreg\u00f3 una n\u00f3mina &#8216;local&#8217; compuesta [&#8230;]<\/p>\n","protected":false},"author":21395,"featured_media":11941,"comment_status":"closed","ping_status":"open","sticky":false,"template":"","format":"standard","meta":{"footnotes":""},"categories":[18],"tags":[1116,1115,1117,230,53,1142,156,1071],"class_list":{"0":"post-11940","1":"post","2":"type-post","3":"status-publish","4":"format-standard","5":"has-post-thumbnail","7":"category-actualidad","8":"tag-cuadro-magico","9":"tag-francisco-arancibia","10":"tag-gonzalo-collao","11":"tag-la-roja","12":"tag-seleccion-chilena","13":"tag-sub21","14":"tag-universidad-de-chile","15":"tag-yerko-leiva"},"_links":{"self":[{"href":"http:\/\/www.rincondelbulla.cl\/portal\/wp-json\/wp\/v2\/posts\/11940","targetHints":{"allow":["GET"]}}],"collection":[{"href":"http:\/\/www.rincondelbulla.cl\/portal\/wp-json\/wp\/v2\/posts"}],"about":[{"href":"http:\/\/www.rincondelbulla.cl\/portal\/wp-json\/wp\/v2\/types\/post"}],"author":[{"embeddable":true,"href":"http:\/\/www.rincondelbulla.cl\/portal\/wp-json\/wp\/v2\/users\/21395"}],"replies":[{"embeddable":true,"href":"http:\/\/www.rincondelbulla.cl\/portal\/wp-json\/wp\/v2\/comments?post=11940"}],"version-history":[{"count":1,"href":"http:\/\/www.rincondelbulla.cl\/portal\/wp-json\/wp\/v2\/posts\/11940\/revisions"}],"predecessor-version":[{"id":11942,"href":"http:\/\/www.rincondelbulla.cl\/portal\/wp-json\/wp\/v2\/posts\/11940\/revisions\/11942"}],"wp:featuredmedia":[{"embeddable":true,"href":"http:\/\/www.rincondelbulla.cl\/portal\/wp-json\/wp\/v2\/media\/11941"}],"wp:attachment":[{"href":"http:\/\/www.rincondelbulla.cl\/portal\/wp-json\/wp\/v2\/media?parent=11940"}],"wp:term":[{"taxonomy":"category","embeddable":true,"href":"http:\/\/www.rincondelbulla.cl\/portal\/wp-json\/wp\/v2\/categories?post=11940"},{"taxonomy":"post_tag","embeddable":true,"href":"http:\/\/www.rincondelbulla.cl\/portal\/wp-json\/wp\/v2\/tags?post=11940"}],"curies":[{"name":"wp","href":"https:\/\/api.w.org\/{rel}","templated":true}]}}