{"id":11944,"date":"2017-07-31T12:54:50","date_gmt":"2017-07-31T16:54:50","guid":{"rendered":"http:\/\/www.rincondelbulla.cl\/portal\/?p=11944"},"modified":"2017-07-31T12:54:50","modified_gmt":"2017-07-31T16:54:50","slug":"mas-azules-llamados-a-la-roja","status":"publish","type":"post","link":"http:\/\/www.rincondelbulla.cl\/portal\/2017\/07\/31\/mas-azules-llamados-a-la-roja\/","title":{"rendered":"M\u00e1s azules llamados a La Roja"},"content":{"rendered":"<p><img loading=\"lazy\" decoding=\"async\" class=\"aligncenter size-full wp-image-11945\" src=\"http:\/\/www.rincondelbulla.cl\/portal\/wp-content\/uploads\/2017\/07\/Alarc\u00f3n.jpg\" alt=\"\" width=\"1440\" height=\"692\" srcset=\"http:\/\/www.rincondelbulla.cl\/portal\/wp-content\/uploads\/2017\/07\/Alarc\u00f3n.jpg 1440w, http:\/\/www.rincondelbulla.cl\/portal\/wp-content\/uploads\/2017\/07\/Alarc\u00f3n-300x144.jpg 300w, http:\/\/www.rincondelbulla.cl\/portal\/wp-content\/uploads\/2017\/07\/Alarc\u00f3n-768x369.jpg 768w, http:\/\/www.rincondelbulla.cl\/portal\/wp-content\/uploads\/2017\/07\/Alarc\u00f3n-1200x577.jpg 1200w, http:\/\/www.rincondelbulla.cl\/portal\/wp-content\/uploads\/2017\/07\/Alarc\u00f3n-696x334.jpg 696w, http:\/\/www.rincondelbulla.cl\/portal\/wp-content\/uploads\/2017\/07\/Alarc\u00f3n-1068x513.jpg 1068w, http:\/\/www.rincondelbulla.cl\/portal\/wp-content\/uploads\/2017\/07\/Alarc\u00f3n-874x420.jpg 874w\" sizes=\"auto, (max-width: 1440px) 100vw, 1440px\" \/><\/p>\n<p><strong>La Sub17 de la Roja tambi\u00e9n se prepara para el mundial de India y los azules tambi\u00e9n son parte de la n\u00f3mina de Caputto.<\/strong><\/p>\n<p>A modo de preparaci\u00f3n para el Mundial de India Sub 17 a realizarse en octubre, el t\u00e9cnico Hern\u00e1n Caputto llam\u00f3 a 20 jugadores para ser parte de una gira internacional por M\u00e9xico y Estados Unidos (30 de julio-13 de agosto).<\/p>\n<p>Entre los nominados est\u00e1n los azules\u00a0Rodrigo Cancino\u00a0(arquero),\u00a0Francisco Gonz\u00e1lez\u00a0(lateral derecho),\u00a0Lucas Alarc\u00f3n\u00a0(central),\u00a0Mauricio Morales\u00a0(volante) y\u00a0Maximiliano Guerrero\u00a0(volante), todos integrantes de la categor\u00eda azul Sub 17 que recientemente se consagr\u00f3 campe\u00f3n en el Torneo de F\u00fatbol Joven.<\/p>\n","protected":false},"excerpt":{"rendered":"<p>La Sub17 de la Roja tambi\u00e9n se prepara para el mundial de India y los azules tambi\u00e9n son parte de la n\u00f3mina de Caputto. A modo de preparaci\u00f3n para el Mundial de India Sub 17 a realizarse en octubre, el t\u00e9cnico Hern\u00e1n Caputto llam\u00f3 a 20 jugadores para ser parte de una gira internacional por [&#8230;]<\/p>\n","protected":false},"author":21395,"featured_media":11945,"comment_status":"closed","ping_status":"open","sticky":false,"template":"","format":"standard","meta":{"footnotes":""},"categories":[18],"tags":[1116,1145,230,1146,1147,1148,1144,1143,156],"class_list":{"0":"post-11944","1":"post","2":"type-post","3":"status-publish","4":"format-standard","5":"has-post-thumbnail","7":"category-actualidad","8":"tag-cuadro-magico","9":"tag-francisco-gonzalez","10":"tag-la-roja","11":"tag-lucas-alarcon","12":"tag-mauricio-morales","13":"tag-maximiliano-guerrero","14":"tag-rodrigo-cancino","15":"tag-sub17","16":"tag-universidad-de-chile"},"_links":{"self":[{"href":"http:\/\/www.rincondelbulla.cl\/portal\/wp-json\/wp\/v2\/posts\/11944","targetHints":{"allow":["GET"]}}],"collection":[{"href":"http:\/\/www.rincondelbulla.cl\/portal\/wp-json\/wp\/v2\/posts"}],"about":[{"href":"http:\/\/www.rincondelbulla.cl\/portal\/wp-json\/wp\/v2\/types\/post"}],"author":[{"embeddable":true,"href":"http:\/\/www.rincondelbulla.cl\/portal\/wp-json\/wp\/v2\/users\/21395"}],"replies":[{"embeddable":true,"href":"http:\/\/www.rincondelbulla.cl\/portal\/wp-json\/wp\/v2\/comments?post=11944"}],"version-history":[{"count":1,"href":"http:\/\/www.rincondelbulla.cl\/portal\/wp-json\/wp\/v2\/posts\/11944\/revisions"}],"predecessor-version":[{"id":11946,"href":"http:\/\/www.rincondelbulla.cl\/portal\/wp-json\/wp\/v2\/posts\/11944\/revisions\/11946"}],"wp:featuredmedia":[{"embeddable":true,"href":"http:\/\/www.rincondelbulla.cl\/portal\/wp-json\/wp\/v2\/media\/11945"}],"wp:attachment":[{"href":"http:\/\/www.rincondelbulla.cl\/portal\/wp-json\/wp\/v2\/media?parent=11944"}],"wp:term":[{"taxonomy":"category","embeddable":true,"href":"http:\/\/www.rincondelbulla.cl\/portal\/wp-json\/wp\/v2\/categories?post=11944"},{"taxonomy":"post_tag","embeddable":true,"href":"http:\/\/www.rincondelbulla.cl\/portal\/wp-json\/wp\/v2\/tags?post=11944"}],"curies":[{"name":"wp","href":"https:\/\/api.w.org\/{rel}","templated":true}]}}