{"id":11947,"date":"2017-07-31T21:24:30","date_gmt":"2017-08-01T01:24:30","guid":{"rendered":"http:\/\/www.rincondelbulla.cl\/portal\/?p=11947"},"modified":"2017-07-31T21:24:30","modified_gmt":"2017-08-01T01:24:30","slug":"leiva-es-baja-en-el-cuadro-magico-por-dos-semanas","status":"publish","type":"post","link":"http:\/\/www.rincondelbulla.cl\/portal\/2017\/07\/31\/leiva-es-baja-en-el-cuadro-magico-por-dos-semanas\/","title":{"rendered":"Leiva es baja en el cuadro m\u00e1gico por dos semanas"},"content":{"rendered":"<figure id=\"attachment_11949\" aria-describedby=\"caption-attachment-11949\" style=\"width: 900px\" class=\"wp-caption aligncenter\"><img loading=\"lazy\" decoding=\"async\" class=\"size-full wp-image-11949\" src=\"http:\/\/www.rincondelbulla.cl\/portal\/wp-content\/uploads\/2017\/07\/Leiva.jpg\" alt=\"\" width=\"900\" height=\"600\" srcset=\"http:\/\/www.rincondelbulla.cl\/portal\/wp-content\/uploads\/2017\/07\/Leiva.jpg 900w, http:\/\/www.rincondelbulla.cl\/portal\/wp-content\/uploads\/2017\/07\/Leiva-300x200.jpg 300w, http:\/\/www.rincondelbulla.cl\/portal\/wp-content\/uploads\/2017\/07\/Leiva-768x512.jpg 768w, http:\/\/www.rincondelbulla.cl\/portal\/wp-content\/uploads\/2017\/07\/Leiva-696x464.jpg 696w, http:\/\/www.rincondelbulla.cl\/portal\/wp-content\/uploads\/2017\/07\/Leiva-630x420.jpg 630w\" sizes=\"auto, (max-width: 900px) 100vw, 900px\" \/><figcaption id=\"caption-attachment-11949\" class=\"wp-caption-text\">Fotograf\u00eda: Photosport<\/figcaption><\/figure>\n<p><strong>Esta noche llego el parte m\u00e9dico de parte de los azules respecto a la situaci\u00f3n de Yerko Leiva.<\/strong><\/p>\n<p>El jugador tras su lesi\u00f3n a los 31 minutos del juego es reemplazado por Felipe Seymour en el partido ante Curic\u00f3, despertando la interrogante de todos los azules.<\/p>\n<p>Esta jornada el jefe m\u00e9dico de los azules, Fernando Radice, entreg\u00f3 el parte m\u00e9dico, informando de la situaci\u00f3n del Sub20 azul.<\/p>\n<audio class=\"wp-audio-shortcode\" id=\"audio-11947-1\" preload=\"none\" style=\"width: 100%;\" controls=\"controls\"><source type=\"audio\/mpeg\" src=\"http:\/\/www.rincondelbulla.cl\/portal\/wp-content\/uploads\/2017\/07\/UCH-Radice-Parte-m\u00e9dico-Leiva.mp3?_=1\" \/><a href=\"http:\/\/www.rincondelbulla.cl\/portal\/wp-content\/uploads\/2017\/07\/UCH-Radice-Parte-m\u00e9dico-Leiva.mp3\">http:\/\/www.rincondelbulla.cl\/portal\/wp-content\/uploads\/2017\/07\/UCH-Radice-Parte-m\u00e9dico-Leiva.mp3<\/a><\/audio>\n<p>Tiene un desgarro miofascial lo cual lo tendr\u00e1 fuera de las canchas por dos semanas, indic\u00f3 el m\u00e9dico azul.<\/p>\n<p>Le enviamos todo el aguante y una pronta recuperaci\u00f3n a Yerko.<\/p>\n","protected":false},"excerpt":{"rendered":"<p>Esta noche llego el parte m\u00e9dico de parte de los azules respecto a la situaci\u00f3n de Yerko Leiva. El jugador tras su lesi\u00f3n a los 31 minutos del juego es reemplazado por Felipe Seymour en el partido ante Curic\u00f3, despertando la interrogante de todos los azules. Esta jornada el jefe m\u00e9dico de los azules, Fernando [&#8230;]<\/p>\n","protected":false},"author":21395,"featured_media":11949,"comment_status":"closed","ping_status":"open","sticky":false,"template":"","format":"standard","meta":{"footnotes":""},"categories":[18],"tags":[1116,630,156,1071],"class_list":{"0":"post-11947","1":"post","2":"type-post","3":"status-publish","4":"format-standard","5":"has-post-thumbnail","7":"category-actualidad","8":"tag-cuadro-magico","9":"tag-lesion","10":"tag-universidad-de-chile","11":"tag-yerko-leiva"},"_links":{"self":[{"href":"http:\/\/www.rincondelbulla.cl\/portal\/wp-json\/wp\/v2\/posts\/11947","targetHints":{"allow":["GET"]}}],"collection":[{"href":"http:\/\/www.rincondelbulla.cl\/portal\/wp-json\/wp\/v2\/posts"}],"about":[{"href":"http:\/\/www.rincondelbulla.cl\/portal\/wp-json\/wp\/v2\/types\/post"}],"author":[{"embeddable":true,"href":"http:\/\/www.rincondelbulla.cl\/portal\/wp-json\/wp\/v2\/users\/21395"}],"replies":[{"embeddable":true,"href":"http:\/\/www.rincondelbulla.cl\/portal\/wp-json\/wp\/v2\/comments?post=11947"}],"version-history":[{"count":1,"href":"http:\/\/www.rincondelbulla.cl\/portal\/wp-json\/wp\/v2\/posts\/11947\/revisions"}],"predecessor-version":[{"id":11950,"href":"http:\/\/www.rincondelbulla.cl\/portal\/wp-json\/wp\/v2\/posts\/11947\/revisions\/11950"}],"wp:featuredmedia":[{"embeddable":true,"href":"http:\/\/www.rincondelbulla.cl\/portal\/wp-json\/wp\/v2\/media\/11949"}],"wp:attachment":[{"href":"http:\/\/www.rincondelbulla.cl\/portal\/wp-json\/wp\/v2\/media?parent=11947"}],"wp:term":[{"taxonomy":"category","embeddable":true,"href":"http:\/\/www.rincondelbulla.cl\/portal\/wp-json\/wp\/v2\/categories?post=11947"},{"taxonomy":"post_tag","embeddable":true,"href":"http:\/\/www.rincondelbulla.cl\/portal\/wp-json\/wp\/v2\/tags?post=11947"}],"curies":[{"name":"wp","href":"https:\/\/api.w.org\/{rel}","templated":true}]}}