{"id":11953,"date":"2017-08-01T16:36:45","date_gmt":"2017-08-01T20:36:45","guid":{"rendered":"http:\/\/www.rincondelbulla.cl\/portal\/?p=11953"},"modified":"2017-08-01T16:36:45","modified_gmt":"2017-08-01T20:36:45","slug":"herrera-recuerda-la-suruga-bank-lo-de-pancho-fue-un-accidente","status":"publish","type":"post","link":"http:\/\/www.rincondelbulla.cl\/portal\/2017\/08\/01\/herrera-recuerda-la-suruga-bank-lo-de-pancho-fue-un-accidente\/","title":{"rendered":"Herrera recuerda la Suruga Bank: \u00abLo de Pancho fue un accidente\u00bb"},"content":{"rendered":"<figure id=\"attachment_11958\" aria-describedby=\"caption-attachment-11958\" style=\"width: 1107px\" class=\"wp-caption aligncenter\"><img loading=\"lazy\" decoding=\"async\" class=\"size-full wp-image-11958\" src=\"http:\/\/www.rincondelbulla.cl\/portal\/wp-content\/uploads\/2017\/08\/IMG_20170801_130424983.jpg\" alt=\"\" width=\"1107\" height=\"700\" srcset=\"http:\/\/www.rincondelbulla.cl\/portal\/wp-content\/uploads\/2017\/08\/IMG_20170801_130424983.jpg 1107w, http:\/\/www.rincondelbulla.cl\/portal\/wp-content\/uploads\/2017\/08\/IMG_20170801_130424983-300x190.jpg 300w, http:\/\/www.rincondelbulla.cl\/portal\/wp-content\/uploads\/2017\/08\/IMG_20170801_130424983-768x486.jpg 768w, http:\/\/www.rincondelbulla.cl\/portal\/wp-content\/uploads\/2017\/08\/IMG_20170801_130424983-696x440.jpg 696w, http:\/\/www.rincondelbulla.cl\/portal\/wp-content\/uploads\/2017\/08\/IMG_20170801_130424983-1068x675.jpg 1068w, http:\/\/www.rincondelbulla.cl\/portal\/wp-content\/uploads\/2017\/08\/IMG_20170801_130424983-664x420.jpg 664w\" sizes=\"auto, (max-width: 1107px) 100vw, 1107px\" \/><figcaption id=\"caption-attachment-11958\" class=\"wp-caption-text\">Fotograf\u00eda: Leo Mora<\/figcaption><\/figure>\n<p><strong>El capit\u00e1n en su estilo, record\u00f3 la Suruga Bank y coment\u00f3 el presente del cuadro m\u00e1gico.<\/strong><\/p>\n<p>Johnny comenz\u00f3 hablando del \u00e1rbitraje, tema tocado por todos lados estos d\u00edas: \u201cEn cuanto a Gamboa, que nos toc\u00f3 a nosotros, creo que hubo una mano que pudo ser cobrada. Lo cuestionable es que no nos haya cobrado un penal que vio, como denunci\u00f3 el jugador de Curic\u00f3\u00bb.<\/p>\n<p>Respecto al \u2018Caso Cabrera\u2019 y el TAS, indic\u00f3 que \u201ces un tema dif\u00edcil, lo m\u00e1s justo es que se queden los puntos ac\u00e1. Es como en el barrio, cuando metes cuchufletas te quitan los puntos y te suspenden del campeonato. Lo que hizo Bolivia fue muy parecido, meti\u00f3 un jugador que no deb\u00eda jugar bajo todos los puntos de la ley. Si algo no est\u00e1 en regla se tiene que castigar de la forma que corresponde, lo que hizo la FIFA fue lo correcto\u201d.<\/p>\n<audio class=\"wp-audio-shortcode\" id=\"audio-11953-1\" preload=\"none\" style=\"width: 100%;\" controls=\"controls\"><source type=\"audio\/mpeg\" src=\"http:\/\/www.rincondelbulla.cl\/portal\/wp-content\/uploads\/2017\/08\/UCH-Herrera-El-TAS.mp3?_=1\" \/><a href=\"http:\/\/www.rincondelbulla.cl\/portal\/wp-content\/uploads\/2017\/08\/UCH-Herrera-El-TAS.mp3\">http:\/\/www.rincondelbulla.cl\/portal\/wp-content\/uploads\/2017\/08\/UCH-Herrera-El-TAS.mp3<\/a><\/audio>\n<p>El \u00ab25\u00bb habl\u00f3 sobre una posible partida de Gonzalo Jara, luego que Boca Juniors volviera a manifestar su inter\u00e9s en sus servicios, e incluso revel\u00f3 que recientemente le lleg\u00f3 un ofrecimiento para partir al otro lado de la cordillera.<\/p>\n<p>\u00abNo tengo clara la postura de Gonzalo. En lo personal me lleg\u00f3 hace dos semanas una propuesta (De Col\u00f3n de Santa Fe) por el doble de lo que gano ac\u00e1 pero no me quise ir por la estabilidad que tengo ac\u00e1. Si le llega algo, \u00e9l ver\u00e1, su familia ver\u00e1. Por el momento que estamos viviendo creo que es dif\u00edcil que se fuera. Boca es un equipo importante pero la \u2018U\u2019 tambi\u00e9n es un equipo importante\u00bb, sentenci\u00f3.<\/p>\n<audio class=\"wp-audio-shortcode\" id=\"audio-11953-2\" preload=\"none\" style=\"width: 100%;\" controls=\"controls\"><source type=\"audio\/mpeg\" src=\"http:\/\/www.rincondelbulla.cl\/portal\/wp-content\/uploads\/2017\/08\/UCH-Herrera-GonzaloJara.mp3?_=2\" \/><a href=\"http:\/\/www.rincondelbulla.cl\/portal\/wp-content\/uploads\/2017\/08\/UCH-Herrera-GonzaloJara.mp3\">http:\/\/www.rincondelbulla.cl\/portal\/wp-content\/uploads\/2017\/08\/UCH-Herrera-GonzaloJara.mp3<\/a><\/audio>\n<p>Hoy en el archirrival, est\u00e1 de cumplea\u00f1os Esteban Paredes:\u00a0\u00abEs un tema \u00b4taaan\u00b4 relevante para m\u00ed\u00bb, pidiendo posteriormente que \u00abhablemos de la U, no me importa el resto\u00bb. \u00abQue siga jugando por harto tiempo en Colo Colo\u00bb, a\u00f1adi\u00f3, aunque tambi\u00e9n le tiro el palo al colega que pregunt\u00f3 diciendo \u00abLas preguntas que hace este hue&#8230;\u00bb.<\/p>\n<audio class=\"wp-audio-shortcode\" id=\"audio-11953-3\" preload=\"none\" style=\"width: 100%;\" controls=\"controls\"><source type=\"audio\/mpeg\" src=\"http:\/\/www.rincondelbulla.cl\/portal\/wp-content\/uploads\/2017\/08\/UCH-Herrera-Paredes.mp3?_=3\" \/><a href=\"http:\/\/www.rincondelbulla.cl\/portal\/wp-content\/uploads\/2017\/08\/UCH-Herrera-Paredes.mp3\">http:\/\/www.rincondelbulla.cl\/portal\/wp-content\/uploads\/2017\/08\/UCH-Herrera-Paredes.mp3<\/a><\/audio>\n<p>Finalmente, le consultamos sobre la Suruga Bank, la cual el cuadro m\u00e1gico juego hace 5 a\u00f1os y la perdi\u00f3 tras una falla de Francisco Castro, que fue recordada por seguidores del Rinc\u00f3n del Bulla: \u00abUn buen viaje, muchos quer\u00edamos conocer Jap\u00f3n, nos encontramos con un clima adverso, un equipo que nos sorprendi\u00f3 y despu\u00e9s perdimos por penales, no nos toc\u00f3 ganar y lo de Pancho fue un accidente\u00bb, cerr\u00f3.<\/p>\n","protected":false},"excerpt":{"rendered":"<p>El capit\u00e1n en su estilo, record\u00f3 la Suruga Bank y coment\u00f3 el presente del cuadro m\u00e1gico. Johnny comenz\u00f3 hablando del \u00e1rbitraje, tema tocado por todos lados estos d\u00edas: \u201cEn cuanto a Gamboa, que nos toc\u00f3 a nosotros, creo que hubo una mano que pudo ser cobrada. Lo cuestionable es que no nos haya cobrado un [&#8230;]<\/p>\n","protected":false},"author":21395,"featured_media":11958,"comment_status":"closed","ping_status":"open","sticky":false,"template":"","format":"standard","meta":{"footnotes":""},"categories":[18],"tags":[1116,41,156],"class_list":{"0":"post-11953","1":"post","2":"type-post","3":"status-publish","4":"format-standard","5":"has-post-thumbnail","7":"category-actualidad","8":"tag-cuadro-magico","9":"tag-johnny-herrera","10":"tag-universidad-de-chile"},"_links":{"self":[{"href":"http:\/\/www.rincondelbulla.cl\/portal\/wp-json\/wp\/v2\/posts\/11953","targetHints":{"allow":["GET"]}}],"collection":[{"href":"http:\/\/www.rincondelbulla.cl\/portal\/wp-json\/wp\/v2\/posts"}],"about":[{"href":"http:\/\/www.rincondelbulla.cl\/portal\/wp-json\/wp\/v2\/types\/post"}],"author":[{"embeddable":true,"href":"http:\/\/www.rincondelbulla.cl\/portal\/wp-json\/wp\/v2\/users\/21395"}],"replies":[{"embeddable":true,"href":"http:\/\/www.rincondelbulla.cl\/portal\/wp-json\/wp\/v2\/comments?post=11953"}],"version-history":[{"count":1,"href":"http:\/\/www.rincondelbulla.cl\/portal\/wp-json\/wp\/v2\/posts\/11953\/revisions"}],"predecessor-version":[{"id":11959,"href":"http:\/\/www.rincondelbulla.cl\/portal\/wp-json\/wp\/v2\/posts\/11953\/revisions\/11959"}],"wp:featuredmedia":[{"embeddable":true,"href":"http:\/\/www.rincondelbulla.cl\/portal\/wp-json\/wp\/v2\/media\/11958"}],"wp:attachment":[{"href":"http:\/\/www.rincondelbulla.cl\/portal\/wp-json\/wp\/v2\/media?parent=11953"}],"wp:term":[{"taxonomy":"category","embeddable":true,"href":"http:\/\/www.rincondelbulla.cl\/portal\/wp-json\/wp\/v2\/categories?post=11953"},{"taxonomy":"post_tag","embeddable":true,"href":"http:\/\/www.rincondelbulla.cl\/portal\/wp-json\/wp\/v2\/tags?post=11953"}],"curies":[{"name":"wp","href":"https:\/\/api.w.org\/{rel}","templated":true}]}}