{"id":11960,"date":"2017-08-01T17:48:02","date_gmt":"2017-08-01T21:48:02","guid":{"rendered":"http:\/\/www.rincondelbulla.cl\/portal\/?p=11960"},"modified":"2017-08-01T17:56:35","modified_gmt":"2017-08-01T21:56:35","slug":"11960","status":"publish","type":"post","link":"http:\/\/www.rincondelbulla.cl\/portal\/2017\/08\/01\/11960\/","title":{"rendered":"Herrera y su debut hace 18 a\u00f1os: \u201cFui citado porque el &#8216;Tomate&#8217; ten\u00eda un matrimonio\u201d"},"content":{"rendered":"<p><img loading=\"lazy\" decoding=\"async\" class=\"alignnone size-full wp-image-11961\" src=\"http:\/\/www.rincondelbulla.cl\/portal\/wp-content\/uploads\/2017\/08\/Johnny-Herrera-1.jpg\" alt=\"\" width=\"777\" height=\"528\" srcset=\"http:\/\/www.rincondelbulla.cl\/portal\/wp-content\/uploads\/2017\/08\/Johnny-Herrera-1.jpg 777w, http:\/\/www.rincondelbulla.cl\/portal\/wp-content\/uploads\/2017\/08\/Johnny-Herrera-1-300x204.jpg 300w, http:\/\/www.rincondelbulla.cl\/portal\/wp-content\/uploads\/2017\/08\/Johnny-Herrera-1-768x522.jpg 768w, http:\/\/www.rincondelbulla.cl\/portal\/wp-content\/uploads\/2017\/08\/Johnny-Herrera-1-696x473.jpg 696w, http:\/\/www.rincondelbulla.cl\/portal\/wp-content\/uploads\/2017\/08\/Johnny-Herrera-1-618x420.jpg 618w\" sizes=\"auto, (max-width: 777px) 100vw, 777px\" \/><\/p>\n<p><strong>El golero azul record\u00f3 la primera vez que defendi\u00f3 profesionalmente el arco azul, con una an\u00e9cdota que marc\u00f3 para siempre su historia en el club.<\/strong><!--more--><\/p>\n<p>Corr\u00eda el 1 de agosto de 1999. Universidad de Chile visitaba a Santiago Morning en el Estadio Santa Laura. Minuto 36 del primer tiempo y una doble amarilla significa la expulsi\u00f3n de Sergio \u201cSuperman\u201d Vargas, obligando el ingreso del segundo arquero, que en ese a\u00f1o era Roberto \u201cTomat\u00edn\u201d Rojas. Sin embargo ese d\u00eda no estaba en la banca. Era el momento del debut de un joven Johnny Herrera, quien hasta ese entonces no hab\u00eda jugado minutos como profesional.<\/p>\n<p>Hoy, 18 a\u00f1os despu\u00e9s, el ahora capit\u00e1n y emblema azul record\u00f3 como fue esa \u201cprimera vez\u201d. Herrera asegur\u00f3 que ese d\u00eda <strong>\u201cme todo ir a la banca esa tarde, un s\u00e1bado creo. No ten\u00eda ni los guantes, me los hicieron llegar mediante utiler\u00eda. Me llegaron los guantes, justo me toc\u00f3 entrar y me los pasan\u201d.<\/strong> Continu\u00f3 se\u00f1alando que ese partido se lo tom\u00f3 <strong>\u201ccon harta personalidad como siempre. Respond\u00ed a plenitud. El gol me lo hace Rivarola porque me resbalo. Una jugada en la l\u00ednea, que hab\u00eda harto papel picado y cosas extra\u00f1as, me resbal\u00e9 y me hizo el gol. Ganamos 2-1, con un jugador menos\u201d.<\/strong><\/p>\n<p>Sin embargo, al momento de recordar el porqu\u00e9 era \u00e9l quien esa tarde estaba en la banca y no Rojas vino la confesi\u00f3n. <strong>\u201cMe acuerdo que me hab\u00eda tocado jugar por la juvenil en la ma\u00f1ana y despu\u00e9s ten\u00eda que ir citado porque el \u201cTomate\u201d (Rojas) ten\u00eda un matrimonio y no le hab\u00eda dicho a nadie. No estaba lesionado\u201d.<\/strong><\/p>\n<p><strong>\u201cTOMAT\u00cdN\u201d ROJAS: \u201cEL PENDEJO ERA M\u00c1S QUE NOSOTROS\u201d<\/strong><\/p>\n<p>Consultado directamente el afectado de esta acusaci\u00f3n, Roberto Rojas se defendi\u00f3 y asegur\u00f3 <strong>\u201c\u00a1Era mi graduaci\u00f3n como profesor de educaci\u00f3n f\u00edsica! Para que veas la fe q le ten\u00eda a ese pendejo\u201d<\/strong>.<\/p>\n<p>Tomat\u00edn se tom\u00f3 esta confesi\u00f3n hecha por Herrera con humor, asegurando que <strong>\u201clo quiero mucho, tiene esa personalidad fuerte. Tal vez algo vio de Vargas y yo en ese aspecto\u201d.<\/strong><\/p>\n<p>Consultado sobre si esa fecha estaba lesionado o solo no fue\u00a0 a la citaci\u00f3n por su compromiso, Rojas indic\u00f3 <strong>\u201cno me acuerdo\u201d,<\/strong> pero entreg\u00f3 una confesi\u00f3n que sin duda puede marcar lo que ha sido la exitosa historia de Johnny en el arco azul: <strong>\u201cEse a\u00f1o Vargas y yo est\u00e1bamos dem\u00e1s&#8230; El pendejo era m\u00e1s que nosotros\u201d.<\/strong><\/p>\n","protected":false},"excerpt":{"rendered":"<p>El golero azul record\u00f3 la primera vez que defendi\u00f3 profesionalmente el arco azul, con una an\u00e9cdota que marc\u00f3 para siempre su historia en el club.<\/p>\n","protected":false},"author":21382,"featured_media":11961,"comment_status":"closed","ping_status":"open","sticky":false,"template":"","format":"standard","meta":{"footnotes":""},"categories":[18],"tags":[454,553,41,157,1149,151,332,647,1150,294,156],"class_list":{"0":"post-11960","1":"post","2":"type-post","3":"status-publish","4":"format-standard","5":"has-post-thumbnail","7":"category-actualidad","8":"tag-actualidad","9":"tag-debut","10":"tag-johnny-herrera","11":"tag-portada","12":"tag-roberto-rojas","13":"tag-santiago-morning","14":"tag-sergio-bernabe-vargas","15":"tag-superman","16":"tag-tomatin","17":"tag-u-de-chile","18":"tag-universidad-de-chile"},"_links":{"self":[{"href":"http:\/\/www.rincondelbulla.cl\/portal\/wp-json\/wp\/v2\/posts\/11960","targetHints":{"allow":["GET"]}}],"collection":[{"href":"http:\/\/www.rincondelbulla.cl\/portal\/wp-json\/wp\/v2\/posts"}],"about":[{"href":"http:\/\/www.rincondelbulla.cl\/portal\/wp-json\/wp\/v2\/types\/post"}],"author":[{"embeddable":true,"href":"http:\/\/www.rincondelbulla.cl\/portal\/wp-json\/wp\/v2\/users\/21382"}],"replies":[{"embeddable":true,"href":"http:\/\/www.rincondelbulla.cl\/portal\/wp-json\/wp\/v2\/comments?post=11960"}],"version-history":[{"count":4,"href":"http:\/\/www.rincondelbulla.cl\/portal\/wp-json\/wp\/v2\/posts\/11960\/revisions"}],"predecessor-version":[{"id":11965,"href":"http:\/\/www.rincondelbulla.cl\/portal\/wp-json\/wp\/v2\/posts\/11960\/revisions\/11965"}],"wp:featuredmedia":[{"embeddable":true,"href":"http:\/\/www.rincondelbulla.cl\/portal\/wp-json\/wp\/v2\/media\/11961"}],"wp:attachment":[{"href":"http:\/\/www.rincondelbulla.cl\/portal\/wp-json\/wp\/v2\/media?parent=11960"}],"wp:term":[{"taxonomy":"category","embeddable":true,"href":"http:\/\/www.rincondelbulla.cl\/portal\/wp-json\/wp\/v2\/categories?post=11960"},{"taxonomy":"post_tag","embeddable":true,"href":"http:\/\/www.rincondelbulla.cl\/portal\/wp-json\/wp\/v2\/tags?post=11960"}],"curies":[{"name":"wp","href":"https:\/\/api.w.org\/{rel}","templated":true}]}}