{"id":11994,"date":"2017-08-02T20:53:41","date_gmt":"2017-08-03T00:53:41","guid":{"rendered":"http:\/\/www.rincondelbulla.cl\/portal\/?p=11994"},"modified":"2017-08-02T21:01:17","modified_gmt":"2017-08-03T01:01:17","slug":"pinilla-yo-no-me-voy-del-cda-hasta-que-me-echen","status":"publish","type":"post","link":"http:\/\/www.rincondelbulla.cl\/portal\/2017\/08\/02\/pinilla-yo-no-me-voy-del-cda-hasta-que-me-echen\/","title":{"rendered":"Pinilla: \u00abNo me voy del CDA hasta que me echen\u00bb"},"content":{"rendered":"<figure id=\"attachment_11996\" aria-describedby=\"caption-attachment-11996\" style=\"width: 1200px\" class=\"wp-caption aligncenter\"><img loading=\"lazy\" decoding=\"async\" class=\"size-full wp-image-11996\" src=\"http:\/\/www.rincondelbulla.cl\/portal\/wp-content\/uploads\/2017\/08\/Pinilla-en-La-Magia-Azul.jpg\" alt=\"\" width=\"1200\" height=\"900\" srcset=\"http:\/\/www.rincondelbulla.cl\/portal\/wp-content\/uploads\/2017\/08\/Pinilla-en-La-Magia-Azul.jpg 1200w, http:\/\/www.rincondelbulla.cl\/portal\/wp-content\/uploads\/2017\/08\/Pinilla-en-La-Magia-Azul-300x225.jpg 300w, http:\/\/www.rincondelbulla.cl\/portal\/wp-content\/uploads\/2017\/08\/Pinilla-en-La-Magia-Azul-768x576.jpg 768w, http:\/\/www.rincondelbulla.cl\/portal\/wp-content\/uploads\/2017\/08\/Pinilla-en-La-Magia-Azul-80x60.jpg 80w, http:\/\/www.rincondelbulla.cl\/portal\/wp-content\/uploads\/2017\/08\/Pinilla-en-La-Magia-Azul-265x198.jpg 265w, http:\/\/www.rincondelbulla.cl\/portal\/wp-content\/uploads\/2017\/08\/Pinilla-en-La-Magia-Azul-696x522.jpg 696w, http:\/\/www.rincondelbulla.cl\/portal\/wp-content\/uploads\/2017\/08\/Pinilla-en-La-Magia-Azul-1068x801.jpg 1068w, http:\/\/www.rincondelbulla.cl\/portal\/wp-content\/uploads\/2017\/08\/Pinilla-en-La-Magia-Azul-560x420.jpg 560w\" sizes=\"auto, (max-width: 1200px) 100vw, 1200px\" \/><figcaption id=\"caption-attachment-11996\" class=\"wp-caption-text\">Fotograf\u00eda: La Magia Azul<\/figcaption><\/figure>\n<p><strong>Mauricio Pinilla en conversaci\u00f3n con La Magia Azul, habl\u00f3 de su retorno al cuadro m\u00e1gico y todo lo que fueron sus a\u00f1os en el extranjero.<\/strong><\/p>\n<p>\u201cEstoy contento, m\u00e1s que por mi carrera en s\u00ed, por lo que hice. La fortuna que tuve de relanzar mi carrera el 2007 y jugar a primer nivel en el f\u00fatbol italiano. Por poder pasar esas vallas que yo mismo me puse, y que otros lamentablemente no los pueden pasar\u201d, coment\u00f3 Mauricio respecto a todos los a\u00f1os vividos en el viejo continente.<\/p>\n<p>Sobre su anterior pas\u00f3 por la U, recuerda:\u00a0\u00abTengo recuerdos buenos, porque la gente me trat\u00f3 muy bien, me entregaron m\u00e1s de lo que entregu\u00e9 y lo agradezco de por vida\u00bb, pero tambi\u00e9n reconoce una situaci\u00f3n de muchos azules, el ser macabeo:\u00a0\u00abDespu\u00e9s de que rescind\u00ed el contrato con la U no quer\u00eda jugar m\u00e1s. Ah\u00ed mi se\u00f1ora me dijo &#8216;<em>o jugai o jugai<\/em>&#8216;. Empec\u00e9 a entrenar con un preparador antes de partir a Italia y empezamos otra vez\u00bb.<\/p>\n<p>Sigui\u00f3 tocando temas en <a href=\"https:\/\/twitter.com\/LaMagiaAzul\/status\/892830043751284738\">La Magia Azul<\/a> y sobre su presente dijo que: \u00abEstoy en el momento m\u00e1s feliz de mi vida, en el club de mis amores, volv\u00ed a mi casa, he tenido un recibimiento que no me esperaba, la gente se ha portado muy bien conmigo y ahora a entrar a la cancha\u00bb.<\/p>\n<p>Respecto al tema de la jineta, de la cual Johnny Herrera expuso que no ten\u00eda problemas en entregarla, Pinilla agrega: \u00abEstoy muy feliz de compartir camar\u00edn con \u00e9l y que sea mi capit\u00e1n; deber\u00eda serlo siempre. No me interesa la jineta\u00bb.<\/p>\n<p>De los objetivos que tiene junto al Rom\u00e1ntico Viajero, Pinigol declar\u00f3 que: \u00abHay hartos objetivos que cumplir, yo quiero ganar un par de torneos con la U, bicampeonato, Copa Chile y ese camino afrontar la Copa Libertadores de la mejor manera, no queremos participar, la U tiene que aspirar por el primer lugar de cualquier competici\u00f3n en lo que est\u00e9\u201d.<\/p>\n<p>Finalmente, el goleador subray\u00f3: \u00abNo hay ninguna oferta que me pueda sacar de Universidad de Chile, si la U en alg\u00fan momento ya no me quiere es diferente. Yo no me voy del CDA hasta que me echen. Tengo a\u00f1o y medio por contrato m\u00e1s la opci\u00f3n de 12 meses m\u00e1s\u00bb.<\/p>\n","protected":false},"excerpt":{"rendered":"<p>Mauricio Pinilla en conversaci\u00f3n con La Magia Azul, habl\u00f3 de su retorno al cuadro m\u00e1gico y todo lo que fueron sus a\u00f1os en el extranjero. \u201cEstoy contento, m\u00e1s que por mi carrera en s\u00ed, por lo que hice. La fortuna que tuve de relanzar mi carrera el 2007 y jugar a primer nivel en el [&#8230;]<\/p>\n","protected":false},"author":21395,"featured_media":11996,"comment_status":"closed","ping_status":"open","sticky":false,"template":"","format":"standard","meta":{"footnotes":""},"categories":[18],"tags":[1116,41,1155,156],"class_list":{"0":"post-11994","1":"post","2":"type-post","3":"status-publish","4":"format-standard","5":"has-post-thumbnail","7":"category-actualidad","8":"tag-cuadro-magico","9":"tag-johnny-herrera","10":"tag-la-magia-azul","11":"tag-universidad-de-chile"},"_links":{"self":[{"href":"http:\/\/www.rincondelbulla.cl\/portal\/wp-json\/wp\/v2\/posts\/11994","targetHints":{"allow":["GET"]}}],"collection":[{"href":"http:\/\/www.rincondelbulla.cl\/portal\/wp-json\/wp\/v2\/posts"}],"about":[{"href":"http:\/\/www.rincondelbulla.cl\/portal\/wp-json\/wp\/v2\/types\/post"}],"author":[{"embeddable":true,"href":"http:\/\/www.rincondelbulla.cl\/portal\/wp-json\/wp\/v2\/users\/21395"}],"replies":[{"embeddable":true,"href":"http:\/\/www.rincondelbulla.cl\/portal\/wp-json\/wp\/v2\/comments?post=11994"}],"version-history":[{"count":3,"href":"http:\/\/www.rincondelbulla.cl\/portal\/wp-json\/wp\/v2\/posts\/11994\/revisions"}],"predecessor-version":[{"id":11999,"href":"http:\/\/www.rincondelbulla.cl\/portal\/wp-json\/wp\/v2\/posts\/11994\/revisions\/11999"}],"wp:featuredmedia":[{"embeddable":true,"href":"http:\/\/www.rincondelbulla.cl\/portal\/wp-json\/wp\/v2\/media\/11996"}],"wp:attachment":[{"href":"http:\/\/www.rincondelbulla.cl\/portal\/wp-json\/wp\/v2\/media?parent=11994"}],"wp:term":[{"taxonomy":"category","embeddable":true,"href":"http:\/\/www.rincondelbulla.cl\/portal\/wp-json\/wp\/v2\/categories?post=11994"},{"taxonomy":"post_tag","embeddable":true,"href":"http:\/\/www.rincondelbulla.cl\/portal\/wp-json\/wp\/v2\/tags?post=11994"}],"curies":[{"name":"wp","href":"https:\/\/api.w.org\/{rel}","templated":true}]}}