{"id":12000,"date":"2017-08-03T14:27:27","date_gmt":"2017-08-03T18:27:27","guid":{"rendered":"http:\/\/www.rincondelbulla.cl\/portal\/?p=12000"},"modified":"2017-08-03T14:29:02","modified_gmt":"2017-08-03T18:29:02","slug":"los-de-abajo-cumpliran-sueno-de-un-hincha","status":"publish","type":"post","link":"http:\/\/www.rincondelbulla.cl\/portal\/2017\/08\/03\/los-de-abajo-cumpliran-sueno-de-un-hincha\/","title":{"rendered":"\u201cLos de Abajo\u201d cumplir\u00e1n sue\u00f1o de un hincha"},"content":{"rendered":"<p><img loading=\"lazy\" decoding=\"async\" class=\"wp-image-12003 size-full aligncenter\" src=\"http:\/\/www.rincondelbulla.cl\/portal\/wp-content\/uploads\/2017\/08\/Hincha-2.jpg\" alt=\"\" width=\"540\" height=\"699\" srcset=\"http:\/\/www.rincondelbulla.cl\/portal\/wp-content\/uploads\/2017\/08\/Hincha-2.jpg 540w, http:\/\/www.rincondelbulla.cl\/portal\/wp-content\/uploads\/2017\/08\/Hincha-2-232x300.jpg 232w, http:\/\/www.rincondelbulla.cl\/portal\/wp-content\/uploads\/2017\/08\/Hincha-2-324x420.jpg 324w\" sizes=\"auto, (max-width: 540px) 100vw, 540px\" \/><\/p>\n<p><strong>El beneficiado se contacto directamente con la barra, quienes accedieron y este viernes estar\u00e1 presente en el Estadio Nacional.<\/strong><!--more--><\/p>\n<p>No solo el regreso de la \u201cU\u201d a casa por el Torneo Transici\u00f3n y el probable debut de Mauricio Pinilla marcar\u00e1n el encuentro ante Deportes Temuco. La barra \u201cLos de Abajo\u201d tendr\u00e1 un bello gesto y cumplir\u00e1n el deseo de uno de sus miembros.<\/p>\n<p>Se trata de Miguel Ariel Carvajal Guzm\u00e1n, un camarada de la comuna de La Pintana, quien pese a su notoria discapacidad f\u00edsica es un azul hasta la muerte y no duda en demostrarlo.<\/p>\n<p>Fue \u00e9l quien se contact\u00f3 con los barristas para hacerles conocer su sue\u00f1o y en un aplaudido gesto, estos accedieron.\u00a0 Por eso, este viernes lo pasaran a buscar a su hogar, lugar desde donde saldr\u00e1n hasta el Estadio Nacional. Ah\u00ed, Ariel podr\u00e1 compartir en el coraz\u00f3n de la barra, junto a los bombos y alentando al equipo de sus amores, situaci\u00f3n que jam\u00e1s ha podido concretar.<\/p>\n<p>A trav\u00e9s de un comunicado, desde la barra aseguraron que este ser\u00e1 un <strong>\u201creconocimiento a su aguante de vida (&#8230;) la \u00fanica discapacidad en la vida es no ver a la persona que hay tras las limitaciones f\u00edsicas\u201d<\/strong>.<\/p>\n","protected":false},"excerpt":{"rendered":"<p>El beneficiado se contacto directamente con la barra, quienes accedieron y este viernes estar\u00e1 presente en el Estadio Nacional.<\/p>\n","protected":false},"author":21382,"featured_media":11886,"comment_status":"closed","ping_status":"open","sticky":false,"template":"","format":"standard","meta":{"footnotes":""},"categories":[18],"tags":[454,511,1124,102,157,1111,294,156],"class_list":{"0":"post-12000","1":"post","2":"type-post","3":"status-publish","4":"format-standard","5":"has-post-thumbnail","7":"category-actualidad","8":"tag-actualidad","9":"tag-barra","10":"tag-barra-los-de-abajo","11":"tag-los-de-abajo","12":"tag-portada","13":"tag-torneo-de-transicion-2017","14":"tag-u-de-chile","15":"tag-universidad-de-chile"},"_links":{"self":[{"href":"http:\/\/www.rincondelbulla.cl\/portal\/wp-json\/wp\/v2\/posts\/12000","targetHints":{"allow":["GET"]}}],"collection":[{"href":"http:\/\/www.rincondelbulla.cl\/portal\/wp-json\/wp\/v2\/posts"}],"about":[{"href":"http:\/\/www.rincondelbulla.cl\/portal\/wp-json\/wp\/v2\/types\/post"}],"author":[{"embeddable":true,"href":"http:\/\/www.rincondelbulla.cl\/portal\/wp-json\/wp\/v2\/users\/21382"}],"replies":[{"embeddable":true,"href":"http:\/\/www.rincondelbulla.cl\/portal\/wp-json\/wp\/v2\/comments?post=12000"}],"version-history":[{"count":3,"href":"http:\/\/www.rincondelbulla.cl\/portal\/wp-json\/wp\/v2\/posts\/12000\/revisions"}],"predecessor-version":[{"id":12006,"href":"http:\/\/www.rincondelbulla.cl\/portal\/wp-json\/wp\/v2\/posts\/12000\/revisions\/12006"}],"wp:featuredmedia":[{"embeddable":true,"href":"http:\/\/www.rincondelbulla.cl\/portal\/wp-json\/wp\/v2\/media\/11886"}],"wp:attachment":[{"href":"http:\/\/www.rincondelbulla.cl\/portal\/wp-json\/wp\/v2\/media?parent=12000"}],"wp:term":[{"taxonomy":"category","embeddable":true,"href":"http:\/\/www.rincondelbulla.cl\/portal\/wp-json\/wp\/v2\/categories?post=12000"},{"taxonomy":"post_tag","embeddable":true,"href":"http:\/\/www.rincondelbulla.cl\/portal\/wp-json\/wp\/v2\/tags?post=12000"}],"curies":[{"name":"wp","href":"https:\/\/api.w.org\/{rel}","templated":true}]}}